{"id":3057,"date":"2024-09-17T18:47:09","date_gmt":"2024-09-17T22:47:09","guid":{"rendered":"https:\/\/nazarenonews.com.br\/?p=3057"},"modified":"2024-09-17T18:47:10","modified_gmt":"2024-09-17T22:47:10","slug":"stf-determina-retorno-de-pensao-vitalicia-para-ex-governador-de-mt","status":"publish","type":"post","link":"https:\/\/nazarenonews.com.br\/index.php\/2024\/09\/17\/stf-determina-retorno-de-pensao-vitalicia-para-ex-governador-de-mt\/","title":{"rendered":"STF determina retorno de pens\u00e3o vital\u00edcia para ex-governador de MT"},"content":{"rendered":"\n<p>O Supremo Tribunal Federal (STF) determinou que o ex-governador de Mato Grosso, Mois\u00e9s Feltrin, de 81 anos, volte a receber pens\u00e3o vital\u00edcia. Ao todo, foram quatro votos favor\u00e1veis ao restabelecimento da pens\u00e3o e um contr\u00e1rio. O voto de Gilmar Mendes foi acompanhado pelos ministros Dias Toffoli, Nunes Marques e Andr\u00e9 Mendon\u00e7a.<\/p>\n\n\n\n<p>Feltrin ocupou o cargo de deputado estadual entre 1987 e 1995, quando, assumiu a presid\u00eancia da Assembleia Legislativa para o per\u00edodo 1991-1992. Nessa condi\u00e7\u00e3o,\u00a0exerceu o governo de Mato Grosso de 10 de fevereiro a 15 de mar\u00e7o de 1991.<\/p>\n\n\n\n<p>Recebeu a pens\u00e3o vital\u00edcia, por ter exercido alguns dias o cargo de governador, a partir de janeiro de 1999, de forma concomitante com a pens\u00e3o do (FAP). Por\u00e9m, o pagamento das pens\u00f5es aos ex-governadores foi suspenso por conta da A\u00e7\u00e3o Direta de Inconstitucionalidade 4.601\/MT. A decis\u00e3o vinha sendo cumprida pelo Governo do Estado\u00a0desde 2018.<\/p>\n\n\n\n<p><strong>\u201cA inconstitucionalidade do ato normativo objeto do controle de constitucionalidade n\u00e3o atinja o campo individual do reclamante que, idoso, com 81 anos de idade, de boa-f\u00e9, recebeu o benef\u00edcio por quase 20 anos, n\u00e3o tendo mais condi\u00e7\u00f5es de manter sua pr\u00f3pria subsist\u00eancia, se n\u00e3o for pelo restabelecimento da pens\u00e3o cassada pelo Estado de Mato Grosso em novembro de 2018\u201d, destacou a defesa do ex-governador.<\/strong><\/p>\n\n\n\n<p>O advogado tamb\u00e9m alegou que a situa\u00e7\u00e3o de Feltrin \u00e9 id\u00eantica a de um caso ocorrido no Paran\u00e1 e do ex-governador Carlos Bezerra (MDB), que conseguiu restabelecer a pens\u00e3o recebida como ex-governador.<\/p>\n\n\n\n<p>O relator do caso no STF, ministro Edson Fachin,<strong>\u00a0foi contra o pedido do ex-governador.\u00a0<\/strong>Por\u00e9, o ministro Gilmar Mendes abriu voto divergente\u00a0e argumentou que o Tribunal de Justi\u00e7a de Mato Grosso (TJMT) reconheceu a \u201cestabilidade\u201d dos valores recebidos pelos ex-governadores, por causa do tempo que as pens\u00f5es tinham sido pagas.<\/p>\n\n\n\n<p>O ministro tamb\u00e9m alegou que o \u201cprinc\u00edpio da seguran\u00e7a jur\u00eddica\u201d garante a prote\u00e7\u00e3o especial aos cidad\u00e3os que recebiam benef\u00edcios que, posteriormente, s\u00e3o declarados inconstitucionais. Ele tamb\u00e9m considerou que o ex-governador n\u00e3o foi o autor da norma e recebeu o benef\u00edcio \u201cde boa f\u00e9\u201d.<\/p>\n\n\n\n<p>Outro argumento usado pelo ministro foi o de que as verbas recebidas pelo ex-governador\u00a0s\u00e3o de natureza alimentar e essenciais para sua subsist\u00eancia\u00a0e que Feltrin\u00a0<strong>receber\u00e1 pelos seis anos em que a pens\u00e3o esteve suspensa.<\/strong><\/p>\n\n\n\n<p>G1-MT<\/p>\n","protected":false},"excerpt":{"rendered":"<p>O Supremo Tribunal Federal (STF) determinou que o ex-governador de Mato Grosso, Mois\u00e9s Feltrin, de 81 anos, volte a receber pens\u00e3o vital\u00edcia. Ao todo, foram quatro votos favor\u00e1veis ao restabelecimento da pens\u00e3o e um contr\u00e1rio. O voto de Gilmar Mendes foi acompanhado pelos ministros Dias Toffoli, Nunes Marques e Andr\u00e9 Mendon\u00e7a. Feltrin ocupou o cargo [&hellip;]<\/p>\n","protected":false},"author":2,"featured_media":3058,"comment_status":"closed","ping_status":"closed","sticky":false,"template":"","format":"standard","meta":{"_monsterinsights_skip_tracking":false,"_monsterinsights_sitenote_active":false,"_monsterinsights_sitenote_note":"","_monsterinsights_sitenote_category":0,"footnotes":""},"categories":[37,1],"tags":[],"_links":{"self":[{"href":"https:\/\/nazarenonews.com.br\/index.php\/wp-json\/wp\/v2\/posts\/3057"}],"collection":[{"href":"https:\/\/nazarenonews.com.br\/index.php\/wp-json\/wp\/v2\/posts"}],"about":[{"href":"https:\/\/nazarenonews.com.br\/index.php\/wp-json\/wp\/v2\/types\/post"}],"author":[{"embeddable":true,"href":"https:\/\/nazarenonews.com.br\/index.php\/wp-json\/wp\/v2\/users\/2"}],"replies":[{"embeddable":true,"href":"https:\/\/nazarenonews.com.br\/index.php\/wp-json\/wp\/v2\/comments?post=3057"}],"version-history":[{"count":1,"href":"https:\/\/nazarenonews.com.br\/index.php\/wp-json\/wp\/v2\/posts\/3057\/revisions"}],"predecessor-version":[{"id":3059,"href":"https:\/\/nazarenonews.com.br\/index.php\/wp-json\/wp\/v2\/posts\/3057\/revisions\/3059"}],"wp:featuredmedia":[{"embeddable":true,"href":"https:\/\/nazarenonews.com.br\/index.php\/wp-json\/wp\/v2\/media\/3058"}],"wp:attachment":[{"href":"https:\/\/nazarenonews.com.br\/index.php\/wp-json\/wp\/v2\/media?parent=3057"}],"wp:term":[{"taxonomy":"category","embeddable":true,"href":"https:\/\/nazarenonews.com.br\/index.php\/wp-json\/wp\/v2\/categories?post=3057"},{"taxonomy":"post_tag","embeddable":true,"href":"https:\/\/nazarenonews.com.br\/index.php\/wp-json\/wp\/v2\/tags?post=3057"}],"curies":[{"name":"wp","href":"https:\/\/api.w.org\/{rel}","templated":true}]}}