{"id":3051,"date":"2024-09-17T18:37:31","date_gmt":"2024-09-17T22:37:31","guid":{"rendered":"https:\/\/nazarenonews.com.br\/?p=3051"},"modified":"2024-09-17T18:37:32","modified_gmt":"2024-09-17T22:37:32","slug":"motorista-de-aplicativo-e-encontrado-morto-com-as-maos-amarradas-e-sinais-de-sufocamento-em-mt","status":"publish","type":"post","link":"https:\/\/nazarenonews.com.br\/index.php\/2024\/09\/17\/motorista-de-aplicativo-e-encontrado-morto-com-as-maos-amarradas-e-sinais-de-sufocamento-em-mt\/","title":{"rendered":"Motorista de aplicativo \u00e9 encontrado morto com as m\u00e3os amarradas e sinais de sufocamento em MT"},"content":{"rendered":"\n<p>Um&nbsp;<strong>motorista de aplicativo foi encontrado morto<\/strong>, em uma regi\u00e3o de mata, na Estrada Ariranha, em&nbsp;<a class=\"\" href=\"https:\/\/g1.globo.com\/mt\/mato-grosso\/cidade\/tangara-da-serra\/\">Tangar\u00e1 da Serra<\/a>, a 242 km de Cuiab\u00e1, nessa segunda-feira (16). A v\u00edtima, identificada como&nbsp;Ivanor Baraviera, de 55 anos, estava com as&nbsp;<strong>m\u00e3os amarradas<\/strong>,&nbsp;<strong>amorda\u00e7ado&nbsp;<\/strong>e com&nbsp;<strong>sinais de sufocamento<\/strong>, segundo a Pol\u00edcia Civil.<\/p>\n\n\n\n<p>Conforme as investiga\u00e7\u00f5es, Ivanor desapareceu na tarde de domingo (15), depois de ter completado quatro corridas. O \u00faltimo passageiro atendido pelo motorista foi deixado no destino \u00e0s 15h20.<\/p>\n\n\n\n<p>De acordo com a pol\u00edcia, durante as buscas, os policiais encontraram o carro usado por Ivanor com as\u00a0portas fechadas e os pneus murchos. Os agentes tamb\u00e9m vasculharam a mata na regi\u00e3o pr\u00f3xima ao ve\u00edculo, momento em que encontraram o corpo da v\u00edtima.<\/p>\n\n\n\n<p>A equipe da per\u00edcia e do Instituto M\u00e9dico Legal (IML) foram acionadas para as ajudar na investiga\u00e7\u00e3o. A pol\u00edcia informou que agora tentar identificar e prender poss\u00edveis autores do crime.<\/p>\n\n\n\n<p>G1-MT<\/p>\n","protected":false},"excerpt":{"rendered":"<p>Um&nbsp;motorista de aplicativo foi encontrado morto, em uma regi\u00e3o de mata, na Estrada Ariranha, em&nbsp;Tangar\u00e1 da Serra, a 242 km de Cuiab\u00e1, nessa segunda-feira (16). A v\u00edtima, identificada como&nbsp;Ivanor Baraviera, de 55 anos, estava com as&nbsp;m\u00e3os amarradas,&nbsp;amorda\u00e7ado&nbsp;e com&nbsp;sinais de sufocamento, segundo a Pol\u00edcia Civil. Conforme as investiga\u00e7\u00f5es, Ivanor desapareceu na tarde de domingo (15), depois [&hellip;]<\/p>\n","protected":false},"author":2,"featured_media":3052,"comment_status":"closed","ping_status":"closed","sticky":false,"template":"","format":"standard","meta":{"_monsterinsights_skip_tracking":false,"_monsterinsights_sitenote_active":false,"_monsterinsights_sitenote_note":"","_monsterinsights_sitenote_category":0,"footnotes":""},"categories":[1],"tags":[],"_links":{"self":[{"href":"https:\/\/nazarenonews.com.br\/index.php\/wp-json\/wp\/v2\/posts\/3051"}],"collection":[{"href":"https:\/\/nazarenonews.com.br\/index.php\/wp-json\/wp\/v2\/posts"}],"about":[{"href":"https:\/\/nazarenonews.com.br\/index.php\/wp-json\/wp\/v2\/types\/post"}],"author":[{"embeddable":true,"href":"https:\/\/nazarenonews.com.br\/index.php\/wp-json\/wp\/v2\/users\/2"}],"replies":[{"embeddable":true,"href":"https:\/\/nazarenonews.com.br\/index.php\/wp-json\/wp\/v2\/comments?post=3051"}],"version-history":[{"count":1,"href":"https:\/\/nazarenonews.com.br\/index.php\/wp-json\/wp\/v2\/posts\/3051\/revisions"}],"predecessor-version":[{"id":3053,"href":"https:\/\/nazarenonews.com.br\/index.php\/wp-json\/wp\/v2\/posts\/3051\/revisions\/3053"}],"wp:featuredmedia":[{"embeddable":true,"href":"https:\/\/nazarenonews.com.br\/index.php\/wp-json\/wp\/v2\/media\/3052"}],"wp:attachment":[{"href":"https:\/\/nazarenonews.com.br\/index.php\/wp-json\/wp\/v2\/media?parent=3051"}],"wp:term":[{"taxonomy":"category","embeddable":true,"href":"https:\/\/nazarenonews.com.br\/index.php\/wp-json\/wp\/v2\/categories?post=3051"},{"taxonomy":"post_tag","embeddable":true,"href":"https:\/\/nazarenonews.com.br\/index.php\/wp-json\/wp\/v2\/tags?post=3051"}],"curies":[{"name":"wp","href":"https:\/\/api.w.org\/{rel}","templated":true}]}}