{"id":3043,"date":"2024-09-17T07:28:51","date_gmt":"2024-09-17T11:28:51","guid":{"rendered":"https:\/\/nazarenonews.com.br\/?p=3043"},"modified":"2024-09-17T07:28:52","modified_gmt":"2024-09-17T11:28:52","slug":"ministro-de-lula-diz-que-volta-do-horario-de-verao-no-brasil-e-eminente","status":"publish","type":"post","link":"https:\/\/nazarenonews.com.br\/index.php\/2024\/09\/17\/ministro-de-lula-diz-que-volta-do-horario-de-verao-no-brasil-e-eminente\/","title":{"rendered":"Ministro de Lula diz que volta do hor\u00e1rio de ver\u00e3o no Brasil \u00e9 eminente"},"content":{"rendered":"\n<p>O retorno do&nbsp;<strong>hor\u00e1rio de ver\u00e3o<\/strong>&nbsp;no Brasil est\u00e1 cada vez mais pr\u00f3ximo. Segundo o ministro de Minas e Energia, Alexandre Silveira, a retomada est\u00e1 sendo cuidadosamente planejada e dever\u00e1 ocorrer dentro de aproximadamente 30 dias. Essa decis\u00e3o \u00e9 vista como uma medida estrat\u00e9gica para enfrentar a atual crise h\u00eddrica que assola o pa\u00eds.<\/p>\n\n\n\n<p>Durante uma entrevista \u00e0 R\u00e1dio Itatiaia, Silveira ressaltou que o hor\u00e1rio de ver\u00e3o pode trazer benef\u00edcios significativos para setores como com\u00e9rcio, turismo, bares e restaurantes, principalmente em um momento positivo da economia brasileira, marcado por baixa infla\u00e7\u00e3o e redu\u00e7\u00e3o na taxa de desemprego.<\/p>\n\n\n\n<h3 class=\"wp-block-heading\">&nbsp;<\/h3>\n\n\n\n<p>Atualmente, o Brasil passa por uma das piores crises h\u00eddricas dos \u00faltimos 93 anos, com chuvas escassas e baixos n\u00edveis nos reservat\u00f3rios. Essa situa\u00e7\u00e3o alarmante aumenta a necessidade de medidas que possam garantir a seguran\u00e7a e a resili\u00eancia do sistema el\u00e9trico. O hor\u00e1rio de ver\u00e3o surge como uma forma de poupar energia e minimizar os riscos de um apag\u00e3o.<\/p>\n\n\n\n<h2 class=\"wp-block-heading\">Quais s\u00e3o os Principais Benef\u00edcios do Hor\u00e1rio de Ver\u00e3o?<\/h2>\n\n\n\n<p>O hor\u00e1rio de ver\u00e3o \u00e9 uma pr\u00e1tica adotada em v\u00e1rios pa\u00edses para aproveitar melhor a ilumina\u00e7\u00e3o natural durante os meses em que os dias s\u00e3o mais longos. Abaixo est\u00e3o alguns dos principais benef\u00edcios dessa mudan\u00e7a:<\/p>\n\n\n\n<ul>\n<li><strong>Economia de energia el\u00e9trica<\/strong>: Redu\u00e7\u00e3o no consumo durante o hor\u00e1rio de pico.<\/li>\n\n\n\n<li><strong>Aproveitamento da luz solar<\/strong>: Menor necessidade de ilumina\u00e7\u00e3o artificial.<\/li>\n\n\n\n<li><strong>Impacto positivo no com\u00e9rcio e turismo<\/strong>: Aumento das atividades econ\u00f4micas vespertinas.<\/li>\n<\/ul>\n\n\n\n<h2 class=\"wp-block-heading\">&nbsp;<\/h2>\n\n\n\n<h2 class=\"wp-block-heading\">Hist\u00f3ria e Implementa\u00e7\u00e3o do Hor\u00e1rio de Ver\u00e3o no Brasil<\/h2>\n\n\n\n<p>O hor\u00e1rio de ver\u00e3o foi introduzido pela primeira vez no Brasil em 1931, durante o governo de Get\u00falio Vargas. A pr\u00e1tica foi mantida com const\u00e2ncia a partir de 1985, abrangendo estados como Rio Grande do Sul, Santa Catarina, Paran\u00e1, S\u00e3o Paulo, Rio de Janeiro, Esp\u00edrito Santo, Minas Gerais, Goi\u00e1s, Mato Grosso e Mato Grosso do Sul, al\u00e9m do Distrito Federal.<\/p>\n\n\n\n<h3 class=\"wp-block-heading\">A Extin\u00e7\u00e3o do Hor\u00e1rio de Ver\u00e3o em 2019<\/h3>\n\n\n\n<p>Em 2019, durante o governo de Jair Bolsonaro, o hor\u00e1rio de ver\u00e3o foi extinto, com o argumento de que os benef\u00edcios em termos de economia de energia eram minimalistas. Al\u00e9m disso, pesquisas de opini\u00e3o revelaram que a maioria dos brasileiros era contr\u00e1ria \u00e0 continuidade dessa medida. No entanto, o contexto atual exige uma reavalia\u00e7\u00e3o dessa decis\u00e3o.<\/p>\n\n\n\n<h2 class=\"wp-block-heading\">&nbsp;<\/h2>\n\n\n\n<p>O ministro Alexandre Silveira criticou a falta de an\u00e1lise t\u00e9cnica no processo de extin\u00e7\u00e3o do hor\u00e1rio de ver\u00e3o pelo governo anterior. Ele salientou que decis\u00f5es estrat\u00e9gicas como essa n\u00e3o podem ser tomadas sem um embasamento t\u00e9cnico e sem considerar o impacto no setor el\u00e9trico e na economia do pa\u00eds.<\/p>\n\n\n\n<p>Apesar dos desafios, Silveira garantiu que o Brasil n\u00e3o enfrentar\u00e1 uma crise energ\u00e9tica neste ano. A poss\u00edvel reintrodu\u00e7\u00e3o do hor\u00e1rio de ver\u00e3o ser\u00e1 uma estrat\u00e9gia deliberada para assegurar a efici\u00eancia do sistema el\u00e9trico e fortalecer a economia brasileira.<\/p>\n\n\n\n<p>TBN<\/p>\n","protected":false},"excerpt":{"rendered":"<p>O retorno do&nbsp;hor\u00e1rio de ver\u00e3o&nbsp;no Brasil est\u00e1 cada vez mais pr\u00f3ximo. Segundo o ministro de Minas e Energia, Alexandre Silveira, a retomada est\u00e1 sendo cuidadosamente planejada e dever\u00e1 ocorrer dentro de aproximadamente 30 dias. Essa decis\u00e3o \u00e9 vista como uma medida estrat\u00e9gica para enfrentar a atual crise h\u00eddrica que assola o pa\u00eds. Durante uma entrevista [&hellip;]<\/p>\n","protected":false},"author":2,"featured_media":3044,"comment_status":"closed","ping_status":"closed","sticky":false,"template":"","format":"standard","meta":{"_monsterinsights_skip_tracking":false,"_monsterinsights_sitenote_active":false,"_monsterinsights_sitenote_note":"","_monsterinsights_sitenote_category":0,"footnotes":""},"categories":[37,1],"tags":[],"_links":{"self":[{"href":"https:\/\/nazarenonews.com.br\/index.php\/wp-json\/wp\/v2\/posts\/3043"}],"collection":[{"href":"https:\/\/nazarenonews.com.br\/index.php\/wp-json\/wp\/v2\/posts"}],"about":[{"href":"https:\/\/nazarenonews.com.br\/index.php\/wp-json\/wp\/v2\/types\/post"}],"author":[{"embeddable":true,"href":"https:\/\/nazarenonews.com.br\/index.php\/wp-json\/wp\/v2\/users\/2"}],"replies":[{"embeddable":true,"href":"https:\/\/nazarenonews.com.br\/index.php\/wp-json\/wp\/v2\/comments?post=3043"}],"version-history":[{"count":1,"href":"https:\/\/nazarenonews.com.br\/index.php\/wp-json\/wp\/v2\/posts\/3043\/revisions"}],"predecessor-version":[{"id":3045,"href":"https:\/\/nazarenonews.com.br\/index.php\/wp-json\/wp\/v2\/posts\/3043\/revisions\/3045"}],"wp:featuredmedia":[{"embeddable":true,"href":"https:\/\/nazarenonews.com.br\/index.php\/wp-json\/wp\/v2\/media\/3044"}],"wp:attachment":[{"href":"https:\/\/nazarenonews.com.br\/index.php\/wp-json\/wp\/v2\/media?parent=3043"}],"wp:term":[{"taxonomy":"category","embeddable":true,"href":"https:\/\/nazarenonews.com.br\/index.php\/wp-json\/wp\/v2\/categories?post=3043"},{"taxonomy":"post_tag","embeddable":true,"href":"https:\/\/nazarenonews.com.br\/index.php\/wp-json\/wp\/v2\/tags?post=3043"}],"curies":[{"name":"wp","href":"https:\/\/api.w.org\/{rel}","templated":true}]}}