{"id":3039,"date":"2024-09-17T07:22:27","date_gmt":"2024-09-17T11:22:27","guid":{"rendered":"https:\/\/nazarenonews.com.br\/?p=3039"},"modified":"2024-09-17T07:22:40","modified_gmt":"2024-09-17T11:22:40","slug":"crianca-volta-de-creche-com-queimaduras-na-perna-e-familia-aciona-a-policia","status":"publish","type":"post","link":"https:\/\/nazarenonews.com.br\/index.php\/2024\/09\/17\/crianca-volta-de-creche-com-queimaduras-na-perna-e-familia-aciona-a-policia\/","title":{"rendered":"Crian\u00e7a volta de creche com queimaduras na perna e fam\u00edlia aciona a pol\u00edcia"},"content":{"rendered":"\n<p>A fam\u00edlia de uma crian\u00e7a de 2 anos de idade denunciou uma creche municipal de Cuiab\u00e1 ap\u00f3s surgirem bolhas na perna esquerda da menina, que teriam sido provocadas por uma queimadura. Segundo o boletim de ocorr\u00eancia registrado na Pol\u00edcia Civil, o caso aconteceu na \u00faltima quarta-feira (11), no bairro Novo Horizonte.<\/p>\n\n\n\n<p>Na den\u00fancia, a m\u00e3e da crian\u00e7a relatou que foi buscar a filha na creche e percebeu que a menina estava com um hematoma na perna esquerda, onde que posteriormente surgiram bolhas. A fam\u00edlia levou a menina ao m\u00e9dico, que constatou se tratar de uma queimadura e, diante da situa\u00e7\u00e3o, a fam\u00edlia registrou o boletim de ocorr\u00eancia.<\/p>\n\n\n\n<p><a href=\"https:\/\/chat.whatsapp.com\/HWLz0NICToLC1F6ZYagCVy\" target=\"_blank\" rel=\"noreferrer noopener\">&gt;&gt;&gt; Clique aqui e receba not\u00edcias de MT na palma da sua m\u00e3o<\/a><\/p>\n\n\n\n<p>A Delegacia Especializada de Defesa dos Direitos da Crian\u00e7a e do Adolescente (Deddica) passou a apurar os fatos, mas n\u00e3o deu mais detalhes sobre a investiga\u00e7\u00e3o.<\/p>\n\n\n\n<p>Em nota, a Secretaria Municipal de Educa\u00e7\u00e3o (SME) informou que j\u00e1 est\u00e1 ciente do ocorrido e que, neste momento, est\u00e1 analisando os fatos para obter maiores esclarecimentos.<\/p>\n\n\n\n<p><strong>Confira a nota da SME na \u00edntegra abaixo:<\/strong><\/p>\n\n\n\n<p><em>\u201cA Secretaria Municipal de Educa\u00e7\u00e3o j\u00e1 tomou conhecimento e est\u00e1 averiguando o que aconteceu.<\/em><\/p>\n\n\n\n<p><em>A equipe gestora da unidade, na quinta-feira e sexta-feira, conversou com os pais e est\u00e1 analisando as imagens das c\u00e2meras de seguran\u00e7a, e ouvindo os profissionais que atendem a crian\u00e7a para esclarecimento do que aconteceu.<\/em><\/p>\n\n\n\n<p><em>A Secretaria Municipal de Educa\u00e7\u00e3o reitera o seu compromisso com o bom atendimento e seguran\u00e7a das crian\u00e7as matriculadas na rede p\u00fablica municipal de Educa\u00e7\u00e3o\u201d.<\/em><\/p>\n\n\n\n<p>Rep\u00f3rter MT<\/p>\n","protected":false},"excerpt":{"rendered":"<p>A fam\u00edlia de uma crian\u00e7a de 2 anos de idade denunciou uma creche municipal de Cuiab\u00e1 ap\u00f3s surgirem bolhas na perna esquerda da menina, que teriam sido provocadas por uma queimadura. Segundo o boletim de ocorr\u00eancia registrado na Pol\u00edcia Civil, o caso aconteceu na \u00faltima quarta-feira (11), no bairro Novo Horizonte. Na den\u00fancia, a m\u00e3e [&hellip;]<\/p>\n","protected":false},"author":2,"featured_media":3040,"comment_status":"closed","ping_status":"closed","sticky":false,"template":"","format":"standard","meta":{"_monsterinsights_skip_tracking":false,"_monsterinsights_sitenote_active":false,"_monsterinsights_sitenote_note":"","_monsterinsights_sitenote_category":0,"footnotes":""},"categories":[1],"tags":[],"_links":{"self":[{"href":"https:\/\/nazarenonews.com.br\/index.php\/wp-json\/wp\/v2\/posts\/3039"}],"collection":[{"href":"https:\/\/nazarenonews.com.br\/index.php\/wp-json\/wp\/v2\/posts"}],"about":[{"href":"https:\/\/nazarenonews.com.br\/index.php\/wp-json\/wp\/v2\/types\/post"}],"author":[{"embeddable":true,"href":"https:\/\/nazarenonews.com.br\/index.php\/wp-json\/wp\/v2\/users\/2"}],"replies":[{"embeddable":true,"href":"https:\/\/nazarenonews.com.br\/index.php\/wp-json\/wp\/v2\/comments?post=3039"}],"version-history":[{"count":2,"href":"https:\/\/nazarenonews.com.br\/index.php\/wp-json\/wp\/v2\/posts\/3039\/revisions"}],"predecessor-version":[{"id":3042,"href":"https:\/\/nazarenonews.com.br\/index.php\/wp-json\/wp\/v2\/posts\/3039\/revisions\/3042"}],"wp:featuredmedia":[{"embeddable":true,"href":"https:\/\/nazarenonews.com.br\/index.php\/wp-json\/wp\/v2\/media\/3040"}],"wp:attachment":[{"href":"https:\/\/nazarenonews.com.br\/index.php\/wp-json\/wp\/v2\/media?parent=3039"}],"wp:term":[{"taxonomy":"category","embeddable":true,"href":"https:\/\/nazarenonews.com.br\/index.php\/wp-json\/wp\/v2\/categories?post=3039"},{"taxonomy":"post_tag","embeddable":true,"href":"https:\/\/nazarenonews.com.br\/index.php\/wp-json\/wp\/v2\/tags?post=3039"}],"curies":[{"name":"wp","href":"https:\/\/api.w.org\/{rel}","templated":true}]}}