{"id":3036,"date":"2024-09-17T07:18:27","date_gmt":"2024-09-17T11:18:27","guid":{"rendered":"https:\/\/nazarenonews.com.br\/?p=3036"},"modified":"2024-09-17T07:18:27","modified_gmt":"2024-09-17T11:18:27","slug":"justica-mantem-prisao-de-4-e-manda-internar-5-adolescentes-suspeitos-de-matar-candidata-a-vereadora-e-irma-em-mt","status":"publish","type":"post","link":"https:\/\/nazarenonews.com.br\/index.php\/2024\/09\/17\/justica-mantem-prisao-de-4-e-manda-internar-5-adolescentes-suspeitos-de-matar-candidata-a-vereadora-e-irma-em-mt\/","title":{"rendered":"Justi\u00e7a mant\u00e9m pris\u00e3o de 4 e manda internar 5 adolescentes suspeitos de matar candidata a vereadora e irm\u00e3 em MT"},"content":{"rendered":"\n<p>A Justi\u00e7a de Mato Grosso converteu a pris\u00e3o em flagrante dos quatro suspeitos de&nbsp;<a class=\"\" href=\"https:\/\/g1.globo.com\/mt\/mato-grosso\/noticia\/2024\/09\/14\/candidata-a-vereadora-e-irma-sao-mortas-apos-serem-sequestradas-em-saida-de-evento-em-mt.ghtml\">matar a candidata a vereadora e a irm\u00e3,<\/a>&nbsp;em&nbsp;<a class=\"\" href=\"https:\/\/g1.globo.com\/mt\/mato-grosso\/cidade\/porto-esperidiao\/\">Porto Esperidi\u00e3o<\/a>, para pris\u00e3o preventiva e mandou internar, em unidades socioeducativas, cinco adolescentes apreendidos suspeitos de envolvimento no caso. A decis\u00e3o foi assinada na noite desse domingo (15).<\/p>\n\n\n\n<p>De acordo com o delegado respons\u00e1vel pelo caso, Matheus Prates de Oliveira, os suspeitos j\u00e1 foram encaminhados para pres\u00eddios, enquanto os menores aguardam disponibilidade de vagas em unidades apropriadas.<\/p>\n\n\n\n<p>No dia do crime,\u00a0<a class=\"\" href=\"https:\/\/g1.globo.com\/mt\/mato-grosso\/noticia\/2024\/09\/14\/sobe-para-10-o-numero-de-presos-por-morte-de-candidata-a-vereadora-e-irma-sequestradas-em-mt.ghtml\">10 pessoas foram detidas<\/a>, mas uma adolescente foi liberada por falta de provas. J\u00e1 no domingo (15), foi preso o<a class=\"\" href=\"https:\/\/g1.globo.com\/mt\/mato-grosso\/noticia\/2024\/09\/16\/preso-11o-suspeito-de-sequestrar-e-matar-candidata-a-vereadora-e-irma-em-mt.ghtml\">\u00a011\u00b0 suspeito<\/a>\u00a0do crime, que ainda dever\u00e1 passar por audi\u00eancia de cust\u00f3dia.<\/p>\n\n\n\n<p>Rayane Alves Porto, de 28 anos, e Rithiele Alves Porto, de 25 anos foram mortas ap\u00f3s terem sido sequestradas e torturadas por um grupo de, pelo menos, nove pessoas, enquanto sa\u00edam de um festival de pesca, no s\u00e1bado (14), em Porto Esperidi\u00e3o, a 358 km de Cuiab\u00e1.<\/p>\n\n\n\n<p>Ao&nbsp;<a class=\"\" href=\"https:\/\/g1.globo.com\/mt\/mato-grosso\/\"><strong>g1<\/strong><\/a>, o delegado Oliveira informou que a decis\u00e3o sobre a pris\u00e3o dos envolvidos foi tomada ap\u00f3s a audi\u00eancia de cust\u00f3dia. Ele esclareceu que a investiga\u00e7\u00e3o agora se concentra na an\u00e1lise dos celulares apreendidos durante as investiga\u00e7\u00f5es.<\/p>\n\n\n\n<p><strong>&#8220;Quanto aos suspeitos, vamos encaminhar os celulares apreendidos para a per\u00edcia. Assim que tivermos o resultado da extra\u00e7\u00e3o dos dados, verificaremos se h\u00e1 mais pessoas envolvidas no caso. Por enquanto, precisamos aguardar o resultado da an\u00e1lise dos aparelhos celulares\u201d, pontuou.<\/strong><\/p>\n\n\n\n<p>O delegado tamb\u00e9m destacou que, embora outras linhas de investiga\u00e7\u00e3o estejam em andamento, o foco principal est\u00e1 na confirma\u00e7\u00e3o dos detalhes relacionados a uma foto tirada pelas v\u00edtimas no Rio Jauru<a class=\"\" href=\"https:\/\/g1.globo.com\/mt\/mato-grosso\/noticia\/2024\/09\/15\/imagem-mostra-candidata-a-vereadora-e-irma-fazendo-suposto-simbolo-de-faccao-que-teria-motivado-assassinatos-em-mt-diz-delegado.ghtml\">, simbolizando um n\u00famero associado a uma fac\u00e7\u00e3o rival<\/a>.<\/p>\n\n\n\n<p>De acordo com a Pol\u00edcia Civil, a linha de investiga\u00e7\u00e3o tamb\u00e9m considera a hip\u00f3tese de que o crime pode ter sido encomendado por um preso da Penitenci\u00e1ria Central do Estado (PCE), em Cuiab\u00e1. Segundo o delegado Higo Rafael, o criminoso teria passado cerca de tr\u00eas horas em videochamada com os executores do homic\u00eddio.<\/p>\n\n\n\n<p>G1-MT<\/p>\n","protected":false},"excerpt":{"rendered":"<p>A Justi\u00e7a de Mato Grosso converteu a pris\u00e3o em flagrante dos quatro suspeitos de&nbsp;matar a candidata a vereadora e a irm\u00e3,&nbsp;em&nbsp;Porto Esperidi\u00e3o, para pris\u00e3o preventiva e mandou internar, em unidades socioeducativas, cinco adolescentes apreendidos suspeitos de envolvimento no caso. A decis\u00e3o foi assinada na noite desse domingo (15). De acordo com o delegado respons\u00e1vel pelo [&hellip;]<\/p>\n","protected":false},"author":2,"featured_media":3037,"comment_status":"closed","ping_status":"closed","sticky":false,"template":"","format":"standard","meta":{"_monsterinsights_skip_tracking":false,"_monsterinsights_sitenote_active":false,"_monsterinsights_sitenote_note":"","_monsterinsights_sitenote_category":0,"footnotes":""},"categories":[1],"tags":[],"_links":{"self":[{"href":"https:\/\/nazarenonews.com.br\/index.php\/wp-json\/wp\/v2\/posts\/3036"}],"collection":[{"href":"https:\/\/nazarenonews.com.br\/index.php\/wp-json\/wp\/v2\/posts"}],"about":[{"href":"https:\/\/nazarenonews.com.br\/index.php\/wp-json\/wp\/v2\/types\/post"}],"author":[{"embeddable":true,"href":"https:\/\/nazarenonews.com.br\/index.php\/wp-json\/wp\/v2\/users\/2"}],"replies":[{"embeddable":true,"href":"https:\/\/nazarenonews.com.br\/index.php\/wp-json\/wp\/v2\/comments?post=3036"}],"version-history":[{"count":1,"href":"https:\/\/nazarenonews.com.br\/index.php\/wp-json\/wp\/v2\/posts\/3036\/revisions"}],"predecessor-version":[{"id":3038,"href":"https:\/\/nazarenonews.com.br\/index.php\/wp-json\/wp\/v2\/posts\/3036\/revisions\/3038"}],"wp:featuredmedia":[{"embeddable":true,"href":"https:\/\/nazarenonews.com.br\/index.php\/wp-json\/wp\/v2\/media\/3037"}],"wp:attachment":[{"href":"https:\/\/nazarenonews.com.br\/index.php\/wp-json\/wp\/v2\/media?parent=3036"}],"wp:term":[{"taxonomy":"category","embeddable":true,"href":"https:\/\/nazarenonews.com.br\/index.php\/wp-json\/wp\/v2\/categories?post=3036"},{"taxonomy":"post_tag","embeddable":true,"href":"https:\/\/nazarenonews.com.br\/index.php\/wp-json\/wp\/v2\/tags?post=3036"}],"curies":[{"name":"wp","href":"https:\/\/api.w.org\/{rel}","templated":true}]}}