{"id":2858,"date":"2024-09-09T07:43:19","date_gmt":"2024-09-09T11:43:19","guid":{"rendered":"https:\/\/nazarenonews.com.br\/?p=2858"},"modified":"2024-09-09T07:43:19","modified_gmt":"2024-09-09T11:43:19","slug":"manifestantes-fazem-ato-contra-moraes-na-av-paulista","status":"publish","type":"post","link":"https:\/\/nazarenonews.com.br\/index.php\/2024\/09\/09\/manifestantes-fazem-ato-contra-moraes-na-av-paulista\/","title":{"rendered":"Manifestantes fazem ato contra Moraes na Av. Paulista"},"content":{"rendered":"\n<p>Com a Avenida Paulista, em S\u00e3o Paulo, lotada, deputados federais, senadores e o governador Tarc\u00edsio de Freitas (Republicanos) discursaram durante o ato contra o ministro do STF Alexandre de Moraes, na tarde de 7 de setembro.<\/p>\n\n\n\n<p>Eduardo Bolsonaro foi o primeiro a falar com a multid\u00e3o de \u201cverde e amarelo\u201d e puxou o coro &#8220;Fora, Xand\u00e3o&#8221;. Ele pediu &#8220;anistia aos presos pol\u00edticos&#8221;, em refer\u00eancia aos presos pelo ato de 8 de janeiro de 2023.<\/p>\n\n\n\n<p>Tarc\u00edsio de Freitas n\u00e3o citou Moraes em seu discurso, por\u00e9m pediu a volta de Jair Bolsonaro (PL), falou em defesa da liberdade, citou &#8220;presos pol\u00edticos&#8221; e pediu &#8220;anistia&#8221;, tamb\u00e9m em refer\u00eancia ao 8 de janeiro.<\/p>\n\n\n\n<p>Al\u00e9m de Eduardo Bolsonaro, falaram ao p\u00fablico os deputados Bia Kicis (PL), J\u00falia Zanatta (PL), Gustavo Gayer (PL) e Nikolas Ferreira (PL) e o senador Magno Malta (PL). Eles pediram o impeachment de Moraes e tamb\u00e9m mencionaram o banimento da rede social do X, por decis\u00e3o do STF que foi referendada pela Primeira Turma do STF.<\/p>\n\n\n\n<p><\/p>\n","protected":false},"excerpt":{"rendered":"<p>Com a Avenida Paulista, em S\u00e3o Paulo, lotada, deputados federais, senadores e o governador Tarc\u00edsio de Freitas (Republicanos) discursaram durante o ato contra o ministro do STF Alexandre de Moraes, na tarde de 7 de setembro. Eduardo Bolsonaro foi o primeiro a falar com a multid\u00e3o de \u201cverde e amarelo\u201d e puxou o coro &#8220;Fora, [&hellip;]<\/p>\n","protected":false},"author":2,"featured_media":2859,"comment_status":"closed","ping_status":"closed","sticky":false,"template":"","format":"standard","meta":{"_monsterinsights_skip_tracking":false,"_monsterinsights_sitenote_active":false,"_monsterinsights_sitenote_note":"","_monsterinsights_sitenote_category":0,"footnotes":""},"categories":[1],"tags":[],"_links":{"self":[{"href":"https:\/\/nazarenonews.com.br\/index.php\/wp-json\/wp\/v2\/posts\/2858"}],"collection":[{"href":"https:\/\/nazarenonews.com.br\/index.php\/wp-json\/wp\/v2\/posts"}],"about":[{"href":"https:\/\/nazarenonews.com.br\/index.php\/wp-json\/wp\/v2\/types\/post"}],"author":[{"embeddable":true,"href":"https:\/\/nazarenonews.com.br\/index.php\/wp-json\/wp\/v2\/users\/2"}],"replies":[{"embeddable":true,"href":"https:\/\/nazarenonews.com.br\/index.php\/wp-json\/wp\/v2\/comments?post=2858"}],"version-history":[{"count":1,"href":"https:\/\/nazarenonews.com.br\/index.php\/wp-json\/wp\/v2\/posts\/2858\/revisions"}],"predecessor-version":[{"id":2860,"href":"https:\/\/nazarenonews.com.br\/index.php\/wp-json\/wp\/v2\/posts\/2858\/revisions\/2860"}],"wp:featuredmedia":[{"embeddable":true,"href":"https:\/\/nazarenonews.com.br\/index.php\/wp-json\/wp\/v2\/media\/2859"}],"wp:attachment":[{"href":"https:\/\/nazarenonews.com.br\/index.php\/wp-json\/wp\/v2\/media?parent=2858"}],"wp:term":[{"taxonomy":"category","embeddable":true,"href":"https:\/\/nazarenonews.com.br\/index.php\/wp-json\/wp\/v2\/categories?post=2858"},{"taxonomy":"post_tag","embeddable":true,"href":"https:\/\/nazarenonews.com.br\/index.php\/wp-json\/wp\/v2\/tags?post=2858"}],"curies":[{"name":"wp","href":"https:\/\/api.w.org\/{rel}","templated":true}]}}