{"id":2795,"date":"2024-09-06T07:33:24","date_gmt":"2024-09-06T11:33:24","guid":{"rendered":"https:\/\/nazarenonews.com.br\/?p=2795"},"modified":"2024-09-06T07:33:24","modified_gmt":"2024-09-06T11:33:24","slug":"jovem-morre-em-grave-acidente-entre-moto-e-onibus-em-vg","status":"publish","type":"post","link":"https:\/\/nazarenonews.com.br\/index.php\/2024\/09\/06\/jovem-morre-em-grave-acidente-entre-moto-e-onibus-em-vg\/","title":{"rendered":"Jovem morre em grave acidente entre moto e \u00f4nibus em VG"},"content":{"rendered":"\n<p>Evillen Naiane do Esp\u00edrito Santo Arruda morreu e seu esposo ficou ferido ap\u00f3s se envolverem em um acidente entre uma motocicleta e um \u00f4nibus do transporte coletivo, na noite de quinta-feira (5), na estrada do Cap\u00e3o Grande, em V\u00e1rzea Grande.<\/p>\n\n\n\n<p>Conforme as informa\u00e7\u00f5es, o condutor do \u00f4nibus trafegava pela rua Jos\u00e9 Vicente Dias, e ao sinalizar e virar para esquerda escutou um barulho. Ao descer para verificar, ele viu que se tratava de uma colis\u00e3o.<\/p>\n\n\n\n<p>O piloto da moto estava ca\u00eddo no ch\u00e3o e a esposa de baixo do ve\u00edculo. Servi\u00e7o de Atendimento M\u00f3vel de Urg\u00eancia (Samu) foi acionado, por\u00e9m, a jovem j\u00e1 estava sem vida devido o esmagamento do cranio.<\/p>\n\n\n\n<p>J\u00e1 o esposo dela foi socorrido e encaminhado ao Pronto Socorro. Seu estado de sa\u00fade atual n\u00e3o foi divulgado. Per\u00edcia Oficial de Identifica\u00e7\u00e3o T\u00e9cnica (Politec) foi acionada para an\u00e1lise da ocorr\u00eancia e libera\u00e7\u00e3o do corpo.&nbsp;<\/p>\n\n\n\n<p>As causas do acidente ser\u00e3o investigadas pela Delegacia de Delitos de Tr\u00e2nsito (Deletran).\u00a0<\/p>\n\n\n\n<p>Gazeta Digital <\/p>\n","protected":false},"excerpt":{"rendered":"<p>Evillen Naiane do Esp\u00edrito Santo Arruda morreu e seu esposo ficou ferido ap\u00f3s se envolverem em um acidente entre uma motocicleta e um \u00f4nibus do transporte coletivo, na noite de quinta-feira (5), na estrada do Cap\u00e3o Grande, em V\u00e1rzea Grande. Conforme as informa\u00e7\u00f5es, o condutor do \u00f4nibus trafegava pela rua Jos\u00e9 Vicente Dias, e ao [&hellip;]<\/p>\n","protected":false},"author":2,"featured_media":2796,"comment_status":"closed","ping_status":"closed","sticky":false,"template":"","format":"standard","meta":{"_monsterinsights_skip_tracking":false,"_monsterinsights_sitenote_active":false,"_monsterinsights_sitenote_note":"","_monsterinsights_sitenote_category":0,"footnotes":""},"categories":[1],"tags":[],"_links":{"self":[{"href":"https:\/\/nazarenonews.com.br\/index.php\/wp-json\/wp\/v2\/posts\/2795"}],"collection":[{"href":"https:\/\/nazarenonews.com.br\/index.php\/wp-json\/wp\/v2\/posts"}],"about":[{"href":"https:\/\/nazarenonews.com.br\/index.php\/wp-json\/wp\/v2\/types\/post"}],"author":[{"embeddable":true,"href":"https:\/\/nazarenonews.com.br\/index.php\/wp-json\/wp\/v2\/users\/2"}],"replies":[{"embeddable":true,"href":"https:\/\/nazarenonews.com.br\/index.php\/wp-json\/wp\/v2\/comments?post=2795"}],"version-history":[{"count":1,"href":"https:\/\/nazarenonews.com.br\/index.php\/wp-json\/wp\/v2\/posts\/2795\/revisions"}],"predecessor-version":[{"id":2797,"href":"https:\/\/nazarenonews.com.br\/index.php\/wp-json\/wp\/v2\/posts\/2795\/revisions\/2797"}],"wp:featuredmedia":[{"embeddable":true,"href":"https:\/\/nazarenonews.com.br\/index.php\/wp-json\/wp\/v2\/media\/2796"}],"wp:attachment":[{"href":"https:\/\/nazarenonews.com.br\/index.php\/wp-json\/wp\/v2\/media?parent=2795"}],"wp:term":[{"taxonomy":"category","embeddable":true,"href":"https:\/\/nazarenonews.com.br\/index.php\/wp-json\/wp\/v2\/categories?post=2795"},{"taxonomy":"post_tag","embeddable":true,"href":"https:\/\/nazarenonews.com.br\/index.php\/wp-json\/wp\/v2\/tags?post=2795"}],"curies":[{"name":"wp","href":"https:\/\/api.w.org\/{rel}","templated":true}]}}