{"id":2792,"date":"2024-09-06T07:29:27","date_gmt":"2024-09-06T11:29:27","guid":{"rendered":"https:\/\/nazarenonews.com.br\/?p=2792"},"modified":"2024-09-06T07:29:28","modified_gmt":"2024-09-06T11:29:28","slug":"patio-de-delegacia-pega-fogo-em-varzea-grande","status":"publish","type":"post","link":"https:\/\/nazarenonews.com.br\/index.php\/2024\/09\/06\/patio-de-delegacia-pega-fogo-em-varzea-grande\/","title":{"rendered":"P\u00e1tio de delegacia pega fogo em V\u00e1rzea Grande"},"content":{"rendered":"\n<p>O p\u00e1tio da Delegacia Especializada da Crian\u00e7a e Adolescente pegou fogo na madrugada desta quinta-feira (5), em V\u00e1rzea Grande. Apesar do susto, n\u00e3o houve v\u00edtimas.<\/p>\n\n\n\n<p>O Corpo de Bombeiros foi acionado por volta das 4h para atender uma den\u00fancia de inc\u00eandio em uma delegacia no bairro Parque do Lago.<\/p>\n\n\n\n<p>No local, os militares encontraram motocicletas velhas e ve\u00edculos pegando pego. Rapidamente, os militares conseguiram combater as chamas, que foram extintas e n\u00e3o se espalharam.<\/p>\n\n\n\n<p>A origem do fogo \u00e9 desconhecida e ser\u00e1 investigada pela Pol\u00edcia Civil.<\/p>\n\n\n\n<p>Rep\u00f3rter MT<\/p>\n","protected":false},"excerpt":{"rendered":"<p>O p\u00e1tio da Delegacia Especializada da Crian\u00e7a e Adolescente pegou fogo na madrugada desta quinta-feira (5), em V\u00e1rzea Grande. Apesar do susto, n\u00e3o houve v\u00edtimas. O Corpo de Bombeiros foi acionado por volta das 4h para atender uma den\u00fancia de inc\u00eandio em uma delegacia no bairro Parque do Lago. No local, os militares encontraram motocicletas [&hellip;]<\/p>\n","protected":false},"author":2,"featured_media":2793,"comment_status":"closed","ping_status":"closed","sticky":false,"template":"","format":"standard","meta":{"_monsterinsights_skip_tracking":false,"_monsterinsights_sitenote_active":false,"_monsterinsights_sitenote_note":"","_monsterinsights_sitenote_category":0,"footnotes":""},"categories":[1],"tags":[],"_links":{"self":[{"href":"https:\/\/nazarenonews.com.br\/index.php\/wp-json\/wp\/v2\/posts\/2792"}],"collection":[{"href":"https:\/\/nazarenonews.com.br\/index.php\/wp-json\/wp\/v2\/posts"}],"about":[{"href":"https:\/\/nazarenonews.com.br\/index.php\/wp-json\/wp\/v2\/types\/post"}],"author":[{"embeddable":true,"href":"https:\/\/nazarenonews.com.br\/index.php\/wp-json\/wp\/v2\/users\/2"}],"replies":[{"embeddable":true,"href":"https:\/\/nazarenonews.com.br\/index.php\/wp-json\/wp\/v2\/comments?post=2792"}],"version-history":[{"count":1,"href":"https:\/\/nazarenonews.com.br\/index.php\/wp-json\/wp\/v2\/posts\/2792\/revisions"}],"predecessor-version":[{"id":2794,"href":"https:\/\/nazarenonews.com.br\/index.php\/wp-json\/wp\/v2\/posts\/2792\/revisions\/2794"}],"wp:featuredmedia":[{"embeddable":true,"href":"https:\/\/nazarenonews.com.br\/index.php\/wp-json\/wp\/v2\/media\/2793"}],"wp:attachment":[{"href":"https:\/\/nazarenonews.com.br\/index.php\/wp-json\/wp\/v2\/media?parent=2792"}],"wp:term":[{"taxonomy":"category","embeddable":true,"href":"https:\/\/nazarenonews.com.br\/index.php\/wp-json\/wp\/v2\/categories?post=2792"},{"taxonomy":"post_tag","embeddable":true,"href":"https:\/\/nazarenonews.com.br\/index.php\/wp-json\/wp\/v2\/tags?post=2792"}],"curies":[{"name":"wp","href":"https:\/\/api.w.org\/{rel}","templated":true}]}}