{"id":2789,"date":"2024-09-06T07:23:55","date_gmt":"2024-09-06T11:23:55","guid":{"rendered":"https:\/\/nazarenonews.com.br\/?p=2789"},"modified":"2024-09-06T07:23:55","modified_gmt":"2024-09-06T11:23:55","slug":"menino-de-11-anos-tem-cranio-rachado-apos-ser-agredido-com-paulada-em-escola-de-mt","status":"publish","type":"post","link":"https:\/\/nazarenonews.com.br\/index.php\/2024\/09\/06\/menino-de-11-anos-tem-cranio-rachado-apos-ser-agredido-com-paulada-em-escola-de-mt\/","title":{"rendered":"Menino de 11 anos tem cr\u00e2nio rachado ap\u00f3s ser agredido com paulada em escola de MT"},"content":{"rendered":"\n<p>Um aluno de 11 anos teve o&nbsp;<strong>cr\u00e2nio rachado ap\u00f3s um colega de sala o atingir na cabe\u00e7a com um peda\u00e7o de caibro<\/strong>, enquanto estavam na escola, no bairro Santa Laura, em&nbsp;<a class=\"\" href=\"https:\/\/g1.globo.com\/mt\/mato-grosso\/cidade\/cuiaba\/\">Cuiab\u00e1<\/a>, nessa quarta-feira (4). De acordo com Regiane Proen\u00e7a, m\u00e3e da v\u00edtima, ele sofreu&nbsp;co\u00e1gulo no sangue e precisar\u00e1 passar por uma cirurgia de reconstru\u00e7\u00e3o do cr\u00e2nio.<\/p>\n\n\n\n<p>Regiane estava em casa quando recebeu a liga\u00e7\u00e3o da diretora da escola informando que o filho estava machucado.<\/p>\n\n\n\n<p>Em nota, a Secretaria Municipal de Educa\u00e7\u00e3o informou que, a equipe gestora da unidade educacional, ap\u00f3s o acidente, acionou imediatamente o Servi\u00e7o de Atendimento M\u00f3vel de Urg\u00eancia (Samu) e as fam\u00edlias dos dois alunos. Um servidor, com forma\u00e7\u00e3o na \u00e1rea da sa\u00fade, prestou os primeiros socorros ao estudante.<\/p>\n\n\n\n<p>Regiane contou ao&nbsp;<a class=\"\" href=\"https:\/\/g1.globo.com\/mt\/mato-grosso\/\"><strong>g1<\/strong><\/a>, que&nbsp;a diretora da escola alegou que a unidade est\u00e1 em reforma, ent\u00e3o o outro aluno encontrou com facilidade o peda\u00e7o de caibro em meio aos entulhos da obra. Ainda, segundo Regiane, a m\u00e3e do outro menino afirmou para ela que o filho possui defici\u00eancia, sem especificar qual seria.<\/p>\n\n\n\n<p>O&nbsp;<a class=\"\" href=\"https:\/\/g1.globo.com\/mt\/mato-grosso\/\"><strong>g1<\/strong><\/a>&nbsp;tentou contato com a m\u00e3e da crian\u00e7a que agrediu o colega de sala, mas n\u00e3o obteve retorno at\u00e9 a publica\u00e7\u00e3o desta reportagem.<\/p>\n\n\n\n<p>Sobre a afirma\u00e7\u00e3o, a Secretaria Municipal de Sa\u00fade esclarece que o menino que agrediu o colega,&nbsp;n\u00e3o possui laudo que comprove ser uma crian\u00e7a com defici\u00eancia. Entretanto, em raz\u00e3o de<strong>&nbsp;dificuldades de socializa\u00e7\u00e3o apresentadas por ele<\/strong>, a unidade trabalha junto \u00e0s fam\u00edlias, os conflitos verificados entre os estudantes, inclusive com a mobiliza\u00e7\u00e3o do Conselho Tutelar.<\/p>\n\n\n\n<p>A Secretaria segue ouvindo os envolvidos, a fim de tomar conhecimento do que motivou a agress\u00e3o.<\/p>\n\n\n\n<p>A v\u00edtima est\u00e1 internada no Hospital Municipal de Cuiab\u00e1 (HMC), onde foi avaliada por um m\u00e9dico neurologista. Segundo a Empresa Cuiabana de Sa\u00fade P\u00fablica (ECSP), o m\u00e9dico constatou que ele est\u00e1 est\u00e1vel, sem intercorr\u00eancias e foi colocado na grade da programa\u00e7\u00e3o cir\u00fargica da neurocirurgia.<\/p>\n\n\n\n<p><strong>Sem data prevista<\/strong>, Regiane espera agoniada pela cirurgia e sofre pelo o que ocorreu com o filho.<\/p>\n\n\n\n<p><strong>&#8220;Pode ser que seja amanh\u00e3 de manh\u00e3, semana que vem, eles n\u00e3o deram certeza de nada por enquanto. Um menino que era t\u00e3o perfeito, n\u00e3o precisava de nada disso, agora vai ter que passar o resto da vida com uma placa de ferro na cabe\u00e7a. \u00c9 triste!&#8221;, lamentou.<\/strong><\/p>\n\n\n\n<p>G1-MT<\/p>\n","protected":false},"excerpt":{"rendered":"<p>Um aluno de 11 anos teve o&nbsp;cr\u00e2nio rachado ap\u00f3s um colega de sala o atingir na cabe\u00e7a com um peda\u00e7o de caibro, enquanto estavam na escola, no bairro Santa Laura, em&nbsp;Cuiab\u00e1, nessa quarta-feira (4). De acordo com Regiane Proen\u00e7a, m\u00e3e da v\u00edtima, ele sofreu&nbsp;co\u00e1gulo no sangue e precisar\u00e1 passar por uma cirurgia de reconstru\u00e7\u00e3o do [&hellip;]<\/p>\n","protected":false},"author":2,"featured_media":2790,"comment_status":"closed","ping_status":"closed","sticky":false,"template":"","format":"standard","meta":{"_monsterinsights_skip_tracking":false,"_monsterinsights_sitenote_active":false,"_monsterinsights_sitenote_note":"","_monsterinsights_sitenote_category":0,"footnotes":""},"categories":[1],"tags":[],"_links":{"self":[{"href":"https:\/\/nazarenonews.com.br\/index.php\/wp-json\/wp\/v2\/posts\/2789"}],"collection":[{"href":"https:\/\/nazarenonews.com.br\/index.php\/wp-json\/wp\/v2\/posts"}],"about":[{"href":"https:\/\/nazarenonews.com.br\/index.php\/wp-json\/wp\/v2\/types\/post"}],"author":[{"embeddable":true,"href":"https:\/\/nazarenonews.com.br\/index.php\/wp-json\/wp\/v2\/users\/2"}],"replies":[{"embeddable":true,"href":"https:\/\/nazarenonews.com.br\/index.php\/wp-json\/wp\/v2\/comments?post=2789"}],"version-history":[{"count":1,"href":"https:\/\/nazarenonews.com.br\/index.php\/wp-json\/wp\/v2\/posts\/2789\/revisions"}],"predecessor-version":[{"id":2791,"href":"https:\/\/nazarenonews.com.br\/index.php\/wp-json\/wp\/v2\/posts\/2789\/revisions\/2791"}],"wp:featuredmedia":[{"embeddable":true,"href":"https:\/\/nazarenonews.com.br\/index.php\/wp-json\/wp\/v2\/media\/2790"}],"wp:attachment":[{"href":"https:\/\/nazarenonews.com.br\/index.php\/wp-json\/wp\/v2\/media?parent=2789"}],"wp:term":[{"taxonomy":"category","embeddable":true,"href":"https:\/\/nazarenonews.com.br\/index.php\/wp-json\/wp\/v2\/categories?post=2789"},{"taxonomy":"post_tag","embeddable":true,"href":"https:\/\/nazarenonews.com.br\/index.php\/wp-json\/wp\/v2\/tags?post=2789"}],"curies":[{"name":"wp","href":"https:\/\/api.w.org\/{rel}","templated":true}]}}