{"id":2781,"date":"2024-09-05T18:37:05","date_gmt":"2024-09-05T22:37:05","guid":{"rendered":"https:\/\/nazarenonews.com.br\/?p=2781"},"modified":"2024-09-05T18:37:06","modified_gmt":"2024-09-05T22:37:06","slug":"cobranca-para-estacionar-nas-ruas-do-jardim-cuiaba-ocorrera-em-outubro","status":"publish","type":"post","link":"https:\/\/nazarenonews.com.br\/index.php\/2024\/09\/05\/cobranca-para-estacionar-nas-ruas-do-jardim-cuiaba-ocorrera-em-outubro\/","title":{"rendered":"Cobran\u00e7a para estacionar nas ruas do Jardim Cuiab\u00e1 ocorrer\u00e1 em outubro"},"content":{"rendered":"\n<p>A campanha educativa de implanta\u00e7\u00e3o do estacionamento rotativo na regi\u00e3o do Jardim Cuiab\u00e1 foi prorrogada por mais 45 dias. A medida visa garantir a total compreens\u00e3o da popula\u00e7\u00e3o e, por isso, a data de efetiva\u00e7\u00e3o foi adiada.<\/p>\n\n\n\n<p><br>Conforme a Secretaria de Mobilidade Urbana (Semob), a data inicial para a cobran\u00e7a do estacionamento era segunda-feira (9), por\u00e9m, o prazo foi prorrogado por mais 45 dias. Assim, o pagamento passar\u00e1 a valer a partir de 24 de outubro.<\/p>\n\n\n\n<p>Em nota, a secretaria explicou que \u201ca decis\u00e3o foi tomada para intensificar as a\u00e7\u00f5es de comunica\u00e7\u00e3o e esclarecimento, visando minimizar eventuais d\u00favidas e garantir a ades\u00e3o efetiva da popula\u00e7\u00e3o ao novo sistema\u201d.<\/p>\n\n\n\n<p><br>A implanta\u00e7\u00e3o na regi\u00e3o do Jardim Cuiab\u00e1 faz parte da Etapa 06 do Estacionamento Rotativo, que j\u00e1 funciona nas principais ruas do centro de Cuiab\u00e1 e adjacentes.<\/p>\n\n\n\n<p>Gazeta Digital <\/p>\n","protected":false},"excerpt":{"rendered":"<p>A campanha educativa de implanta\u00e7\u00e3o do estacionamento rotativo na regi\u00e3o do Jardim Cuiab\u00e1 foi prorrogada por mais 45 dias. A medida visa garantir a total compreens\u00e3o da popula\u00e7\u00e3o e, por isso, a data de efetiva\u00e7\u00e3o foi adiada. Conforme a Secretaria de Mobilidade Urbana (Semob), a data inicial para a cobran\u00e7a do estacionamento era segunda-feira (9), [&hellip;]<\/p>\n","protected":false},"author":2,"featured_media":2783,"comment_status":"closed","ping_status":"closed","sticky":false,"template":"","format":"standard","meta":{"_monsterinsights_skip_tracking":false,"_monsterinsights_sitenote_active":false,"_monsterinsights_sitenote_note":"","_monsterinsights_sitenote_category":0,"footnotes":""},"categories":[1],"tags":[],"_links":{"self":[{"href":"https:\/\/nazarenonews.com.br\/index.php\/wp-json\/wp\/v2\/posts\/2781"}],"collection":[{"href":"https:\/\/nazarenonews.com.br\/index.php\/wp-json\/wp\/v2\/posts"}],"about":[{"href":"https:\/\/nazarenonews.com.br\/index.php\/wp-json\/wp\/v2\/types\/post"}],"author":[{"embeddable":true,"href":"https:\/\/nazarenonews.com.br\/index.php\/wp-json\/wp\/v2\/users\/2"}],"replies":[{"embeddable":true,"href":"https:\/\/nazarenonews.com.br\/index.php\/wp-json\/wp\/v2\/comments?post=2781"}],"version-history":[{"count":1,"href":"https:\/\/nazarenonews.com.br\/index.php\/wp-json\/wp\/v2\/posts\/2781\/revisions"}],"predecessor-version":[{"id":2784,"href":"https:\/\/nazarenonews.com.br\/index.php\/wp-json\/wp\/v2\/posts\/2781\/revisions\/2784"}],"wp:featuredmedia":[{"embeddable":true,"href":"https:\/\/nazarenonews.com.br\/index.php\/wp-json\/wp\/v2\/media\/2783"}],"wp:attachment":[{"href":"https:\/\/nazarenonews.com.br\/index.php\/wp-json\/wp\/v2\/media?parent=2781"}],"wp:term":[{"taxonomy":"category","embeddable":true,"href":"https:\/\/nazarenonews.com.br\/index.php\/wp-json\/wp\/v2\/categories?post=2781"},{"taxonomy":"post_tag","embeddable":true,"href":"https:\/\/nazarenonews.com.br\/index.php\/wp-json\/wp\/v2\/tags?post=2781"}],"curies":[{"name":"wp","href":"https:\/\/api.w.org\/{rel}","templated":true}]}}