{"id":2775,"date":"2024-09-05T18:22:54","date_gmt":"2024-09-05T22:22:54","guid":{"rendered":"https:\/\/nazarenonews.com.br\/?p=2775"},"modified":"2024-09-05T18:22:54","modified_gmt":"2024-09-05T22:22:54","slug":"desfile-de-7-de-setembro-e-cancelado-em-22-cidades-de-mt-por-seca-severa-e-onda-de-calor","status":"publish","type":"post","link":"https:\/\/nazarenonews.com.br\/index.php\/2024\/09\/05\/desfile-de-7-de-setembro-e-cancelado-em-22-cidades-de-mt-por-seca-severa-e-onda-de-calor\/","title":{"rendered":"Desfile de 7 de Setembro \u00e9 cancelado em 22 cidades de MT por seca severa e onda de calor"},"content":{"rendered":"\n<p>Os\u00a0desfiles c\u00edvicos em comemora\u00e7\u00e3o ao dia 7 de Setembro em\u00a0<a class=\"\" href=\"https:\/\/g1.globo.com\/mt\/mato-grosso\/cidade\/cuiaba\/\">Cuiab\u00e1<\/a>\u00a0e outros 21 munic\u00edpios foram cancelados\u00a0por causa da m\u00e1 qualidade do tempo e baixa umidade do ar causadas pelas queimadas. Outros munic\u00edpios realizar\u00e3o o evento antecipadamente ou somente um ato simb\u00f3lico dentro das escola.<\/p>\n\n\n\n<p>A lista dos munic\u00edpios foi divulgada pela Associa\u00e7\u00e3o Mato-grossense dos Munic\u00edpios (AMM), nesta quinta-feira (5). O Ex\u00e9rcito Brasileiro informou que o<strong>&nbsp;clima seco foi o principal fator para o cancelamento do desfile<\/strong>&nbsp;na capital, que seria realizado na Avenida Get\u00falio Vargas.<\/p>\n\n\n\n<p>Visando evitar riscos \u00e0 sa\u00fade pelas condi\u00e7\u00f5es clim\u00e1ticas, a decis\u00e3o tamb\u00e9m leva em considera\u00e7\u00e3o o decreto de\u00a0<strong>emerg\u00eancia ambiental, devido \u00e0 baixa umidade do ar, seca severa e onda de calor no estado<\/strong>, segundo o Governo de Mato Grosso.<\/p>\n\n\n\n<h2 class=\"wp-block-heading\"><strong>Munic\u00edpio que cancelar\u00e3o o desfile<\/strong><\/h2>\n\n\n\n<ul>\n<li>Apiac\u00e1s<\/li>\n\n\n\n<li>Aren\u00e1polis<\/li>\n\n\n\n<li>Col\u00edder<\/li>\n\n\n\n<li>Comodoro<\/li>\n\n\n\n<li>Confresa<\/li>\n\n\n\n<li>Cotrigua\u00e7u<\/li>\n\n\n\n<li>Guarant\u00e3 do Norte<\/li>\n\n\n\n<li>Ipiranga do Norte<\/li>\n\n\n\n<li>Itanhang\u00e1<\/li>\n\n\n\n<li>Jauru<\/li>\n\n\n\n<li>Ju\u00edna<\/li>\n\n\n\n<li>Nova Monte Verde<\/li>\n\n\n\n<li>Peixoto de Azevedo<\/li>\n\n\n\n<li>Reserva do Caba\u00e7al<\/li>\n\n\n\n<li>Ribeir\u00e3o Cascalheira<\/li>\n\n\n\n<li>Salto do C\u00e9u<\/li>\n\n\n\n<li>S\u00e3o Jos\u00e9 dos 4 Marcos<\/li>\n\n\n\n<li>S\u00e3o Pedro da Cipa<\/li>\n\n\n\n<li>Tabapor\u00e3<\/li>\n\n\n\n<li>Tesouro<\/li>\n\n\n\n<li>Vila Bela da Sant\u00edssima Trindade<\/li>\n<\/ul>\n\n\n\n<h2 class=\"wp-block-heading\">Realizar\u00e3o o desfile normalmente<\/h2>\n\n\n\n<ul>\n<li>Acorizal<\/li>\n\n\n\n<li>Jangada (desfile no dia 11 \u00e0s 07h30)<\/li>\n\n\n\n<li>Juscimeira &#8211; (desfile com trajeto reduzido \u00e0s 17h)<\/li>\n\n\n\n<li>Alto Boa Vista &#8211; (desfile \u00e0s 07h)<\/li>\n\n\n\n<li>Campos de J\u00falio &#8211; (desfile \u00e0s 07h30)<\/li>\n\n\n\n<li>Chapada dos Guimar\u00e3es &#8211; (desfile com trajeto reduzido \u00e0s 08h)<\/li>\n\n\n\n<li>Itiquira &#8211; (desfile das 07h30 \u00e0s 08h30)<\/li>\n\n\n\n<li>Juscimeira, Lambari d\u00b4Oeste &#8211; (desfile com trajeto reduzido \u00e0s 17h)<\/li>\n\n\n\n<li>Nova Maril\u00e2ndia &#8211; (desfile \u00e0s 16h30)<\/li>\n\n\n\n<li>Pocon\u00e9 &#8211; (desfile no dia 06 de setembro)<\/li>\n\n\n\n<li>S\u00e3o Jose do Povo &#8211; (desfile no dia 06 \u00e0s 6h<\/li>\n\n\n\n<li>Santo Afonso &#8211; (desfile \u00e0s 07h)<\/li>\n\n\n\n<li>Uni\u00e3o do Sul &#8211; (desfile no dia 15 de novembro)<\/li>\n<\/ul>\n\n\n\n<h2 class=\"wp-block-heading\"><strong>Far\u00e3o apenas ato simb\u00f3lico<\/strong><\/h2>\n\n\n\n<ul>\n<li>Aripuan\u00e3 (hasteamento da bandeira)<\/li>\n\n\n\n<li>Campo Novo do Parecis (ato c\u00edvico das 7h \u00e0s 9h)<\/li>\n\n\n\n<li>Canarana (hasteamento da bandeira)<\/li>\n\n\n\n<li>Cl\u00e1udia (hasteamento da bandeira nas escolas no dia 6 de setembro)<\/li>\n\n\n\n<li>Ga\u00facha do Norte (hasteamento da bandeira)<\/li>\n\n\n\n<li>Indiava\u00ed (hasteamento da bandeira nas escolas no dia 10 de setembro)<\/li>\n\n\n\n<li>Marcel\u00e2ndia (hasteamento da bandeira)<\/li>\n\n\n\n<li>Matup\u00e1 (hasteamento da bandeira nas escolas no dia 6 de setembro)<\/li>\n\n\n\n<li>Planalto da Serra (hasteamento da bandeira)<\/li>\n\n\n\n<li>Santa Terezinha (hasteamento da bandeira nas escolas)<\/li>\n<\/ul>\n\n\n\n<h2 class=\"wp-block-heading\">Impactos da seca<\/h2>\n\n\n\n<p>Um levantamento de secas e impactos no Brasil, divulgado pelo Governo Federal na ter\u00e7a-feira (3), revelou que&nbsp;<a class=\"\" href=\"https:\/\/g1.globo.com\/mt\/mato-grosso\/noticia\/2024\/09\/05\/estado-que-mais-queima-no-pais-mt-tem-24-municipios-com-seca-extrema-aponta-levantamento.ghtml\">Mato Grosso tem 24 munic\u00edpios na lista de cidades com condi\u00e7\u00e3o de seca extrema<\/a>, ficando atr\u00e1s apenas de Minas Gerais e S\u00e3o Paulo. A proje\u00e7\u00e3o para setembro alerta para o agravamento da seca em diversas regi\u00f5es do Brasil, com destaque para Mato Grosso, que deve expandir a condi\u00e7\u00e3o para&nbsp;<strong>73 munic\u00edpios<\/strong>.<\/p>\n\n\n\n<p>Mato Grosso tamb\u00e9m foi o estado do Brasil que mais queimou desde janeiro deste ano, com mais de&nbsp;<strong>28 mil focos de inc\u00eandios<\/strong>, conforme dados do Programa BDQueimadas, do Instituto Nacional de Pesquisas Espaciais (Inpe). Somente em agosto, foram contabilizados mais de&nbsp;<strong>13,6 mil focos<\/strong>, superando os&nbsp;<a class=\"\" href=\"https:\/\/g1.globo.com\/mt\/mato-grosso\/noticia\/2024\/07\/10\/mt-lidera-ranking-no-pais-e-registra-mais-de-9-mil-focos-de-queimadas-desde-janeiro-diz-inpe.ghtml\">n\u00fameros somados de janeiro a julho deste ano<\/a>.<\/p>\n\n\n\n<p>De acordo com o Inpe, o n\u00famero de focos de inc\u00eandio registrados no per\u00edodo de 1\u00ba a 30 de agosto de 2024 foi o\u00a0<strong>maior \u00edndice para este m\u00eas nos \u00faltimos dez anos no estado<\/strong>.<\/p>\n\n\n\n<p>G1-MT<\/p>\n","protected":false},"excerpt":{"rendered":"<p>Os\u00a0desfiles c\u00edvicos em comemora\u00e7\u00e3o ao dia 7 de Setembro em\u00a0Cuiab\u00e1\u00a0e outros 21 munic\u00edpios foram cancelados\u00a0por causa da m\u00e1 qualidade do tempo e baixa umidade do ar causadas pelas queimadas. Outros munic\u00edpios realizar\u00e3o o evento antecipadamente ou somente um ato simb\u00f3lico dentro das escola. A lista dos munic\u00edpios foi divulgada pela Associa\u00e7\u00e3o Mato-grossense dos Munic\u00edpios (AMM), [&hellip;]<\/p>\n","protected":false},"author":2,"featured_media":2776,"comment_status":"closed","ping_status":"closed","sticky":false,"template":"","format":"standard","meta":{"_monsterinsights_skip_tracking":false,"_monsterinsights_sitenote_active":false,"_monsterinsights_sitenote_note":"","_monsterinsights_sitenote_category":0,"footnotes":""},"categories":[1],"tags":[],"_links":{"self":[{"href":"https:\/\/nazarenonews.com.br\/index.php\/wp-json\/wp\/v2\/posts\/2775"}],"collection":[{"href":"https:\/\/nazarenonews.com.br\/index.php\/wp-json\/wp\/v2\/posts"}],"about":[{"href":"https:\/\/nazarenonews.com.br\/index.php\/wp-json\/wp\/v2\/types\/post"}],"author":[{"embeddable":true,"href":"https:\/\/nazarenonews.com.br\/index.php\/wp-json\/wp\/v2\/users\/2"}],"replies":[{"embeddable":true,"href":"https:\/\/nazarenonews.com.br\/index.php\/wp-json\/wp\/v2\/comments?post=2775"}],"version-history":[{"count":1,"href":"https:\/\/nazarenonews.com.br\/index.php\/wp-json\/wp\/v2\/posts\/2775\/revisions"}],"predecessor-version":[{"id":2777,"href":"https:\/\/nazarenonews.com.br\/index.php\/wp-json\/wp\/v2\/posts\/2775\/revisions\/2777"}],"wp:featuredmedia":[{"embeddable":true,"href":"https:\/\/nazarenonews.com.br\/index.php\/wp-json\/wp\/v2\/media\/2776"}],"wp:attachment":[{"href":"https:\/\/nazarenonews.com.br\/index.php\/wp-json\/wp\/v2\/media?parent=2775"}],"wp:term":[{"taxonomy":"category","embeddable":true,"href":"https:\/\/nazarenonews.com.br\/index.php\/wp-json\/wp\/v2\/categories?post=2775"},{"taxonomy":"post_tag","embeddable":true,"href":"https:\/\/nazarenonews.com.br\/index.php\/wp-json\/wp\/v2\/tags?post=2775"}],"curies":[{"name":"wp","href":"https:\/\/api.w.org\/{rel}","templated":true}]}}