{"id":2773,"date":"2024-09-05T07:29:11","date_gmt":"2024-09-05T11:29:11","guid":{"rendered":"https:\/\/nazarenonews.com.br\/?p=2773"},"modified":"2024-09-05T07:30:13","modified_gmt":"2024-09-05T11:30:13","slug":"previsao-do-tempo-quinta-feira-5-com-alerta-para-onda-de-calor-no-mato-grosso","status":"publish","type":"post","link":"https:\/\/nazarenonews.com.br\/index.php\/2024\/09\/05\/previsao-do-tempo-quinta-feira-5-com-alerta-para-onda-de-calor-no-mato-grosso\/","title":{"rendered":"PREVIS\u00c3O DO TEMPO: quinta-feira (5) com alerta para onda de calor no Mato Grosso"},"content":{"rendered":"\n<p>Nesta quinta-feira (5), o Instituto Nacional de Meteorologia (Inmet) alerta para perigo de onda de calor no nordeste, norte, sudeste e centro-sul mato-grossense, atingindo cidades como Alta Floresta, Nova Maril\u00e2ndia e Paranatinga.<\/p>\n\n\n\n<p>A previs\u00e3o \u00e9 de varia\u00e7\u00e3o de nuvens em todo o Mato Grosso durante o dia e \u00e0 noite.<\/p>\n\n\n\n<p>A previs\u00e3o do Inmet para o Centro-Oeste no m\u00eas de setembro \u00e9 de chuvas pr\u00f3ximas ou abaixo da m\u00e9dia. A seca pode ser ben\u00e9fica para a matura\u00e7\u00e3o e colheita de milho e trigo, mas pode prejudicar lavouras de trigo em enchimento de gr\u00e3os, especialmente no Mato Grosso do Sul.<\/p>\n\n\n\n<p>A temperatura m\u00ednima fica em torno de 18\u00b0C, em Pocon\u00e9, e a m\u00e1xima prevista \u00e9 de 37\u00baC, em Cuiab\u00e1. A umidade relativa do ar varia entre 20% e 70%.<\/p>\n\n\n\n<p>As informa\u00e7\u00f5es s\u00e3o do Instituto Nacional de Meteorologia.<\/p>\n\n\n\n<p>Fonte: <a href=\"https:\/\/brasil61.com\/n\/previsao-do-tempo-quinta-feira-5-com-alerta-para-onda-de-calor-no-mato-grosso-ptco243808\" target=\"_blank\" rel=\"noreferrer noopener\">Brasil 61<\/a><\/p>\n","protected":false},"excerpt":{"rendered":"<p>Nesta quinta-feira (5), o Instituto Nacional de Meteorologia (Inmet) alerta para perigo de onda de calor no nordeste, norte, sudeste e centro-sul mato-grossense, atingindo cidades como Alta Floresta, Nova Maril\u00e2ndia e Paranatinga. A previs\u00e3o \u00e9 de varia\u00e7\u00e3o de nuvens em todo o Mato Grosso durante o dia e \u00e0 noite. A previs\u00e3o do Inmet para [&hellip;]<\/p>\n","protected":false},"author":2,"featured_media":2184,"comment_status":"closed","ping_status":"closed","sticky":false,"template":"","format":"standard","meta":{"_monsterinsights_skip_tracking":false,"_monsterinsights_sitenote_active":false,"_monsterinsights_sitenote_note":"","_monsterinsights_sitenote_category":0,"footnotes":""},"categories":[52],"tags":[],"_links":{"self":[{"href":"https:\/\/nazarenonews.com.br\/index.php\/wp-json\/wp\/v2\/posts\/2773"}],"collection":[{"href":"https:\/\/nazarenonews.com.br\/index.php\/wp-json\/wp\/v2\/posts"}],"about":[{"href":"https:\/\/nazarenonews.com.br\/index.php\/wp-json\/wp\/v2\/types\/post"}],"author":[{"embeddable":true,"href":"https:\/\/nazarenonews.com.br\/index.php\/wp-json\/wp\/v2\/users\/2"}],"replies":[{"embeddable":true,"href":"https:\/\/nazarenonews.com.br\/index.php\/wp-json\/wp\/v2\/comments?post=2773"}],"version-history":[{"count":1,"href":"https:\/\/nazarenonews.com.br\/index.php\/wp-json\/wp\/v2\/posts\/2773\/revisions"}],"predecessor-version":[{"id":2774,"href":"https:\/\/nazarenonews.com.br\/index.php\/wp-json\/wp\/v2\/posts\/2773\/revisions\/2774"}],"wp:featuredmedia":[{"embeddable":true,"href":"https:\/\/nazarenonews.com.br\/index.php\/wp-json\/wp\/v2\/media\/2184"}],"wp:attachment":[{"href":"https:\/\/nazarenonews.com.br\/index.php\/wp-json\/wp\/v2\/media?parent=2773"}],"wp:term":[{"taxonomy":"category","embeddable":true,"href":"https:\/\/nazarenonews.com.br\/index.php\/wp-json\/wp\/v2\/categories?post=2773"},{"taxonomy":"post_tag","embeddable":true,"href":"https:\/\/nazarenonews.com.br\/index.php\/wp-json\/wp\/v2\/tags?post=2773"}],"curies":[{"name":"wp","href":"https:\/\/api.w.org\/{rel}","templated":true}]}}