{"id":2766,"date":"2024-09-05T07:17:19","date_gmt":"2024-09-05T11:17:19","guid":{"rendered":"https:\/\/nazarenonews.com.br\/?p=2766"},"modified":"2024-09-05T07:17:19","modified_gmt":"2024-09-05T11:17:19","slug":"juiz-suspende-cobranca-retroativa-de-r-94-mil-que-energisa-fez-a-empresa-de-vg","status":"publish","type":"post","link":"https:\/\/nazarenonews.com.br\/index.php\/2024\/09\/05\/juiz-suspende-cobranca-retroativa-de-r-94-mil-que-energisa-fez-a-empresa-de-vg\/","title":{"rendered":"Juiz suspende cobran\u00e7a retroativa de R$ 94 mil que Energisa fez a empresa de VG"},"content":{"rendered":"\n<p>O juiz Andr\u00e9 Mauricio Lopes Prioli, da 2\u00aa Vara C\u00edvel de V\u00e1rzea Grande, suspendeu uma cobran\u00e7a de R$ 94 mil que a Energisa fez a uma empresa, afirmando que os valores seriam referentes a Imposto sobre Circula\u00e7\u00e3o de Mercadorias e Presta\u00e7\u00e3o de Servi\u00e7os (ICMS) retroativo sobre a Tarifa de Uso do Sistema de Distribui\u00e7\u00e3o (TUSD). O magistrado considerou que n\u00e3o foi apresentado o c\u00e1lculo da cobran\u00e7a.<\/p>\n\n\n\n<p>A empresa, que atua no ramo de com\u00e9rcio de ferramentas e equipamentos, entrou com uma a\u00e7\u00e3o de obriga\u00e7\u00e3o de n\u00e3o fazer, com repeti\u00e7\u00e3o de ind\u00e9bito, contra a Energisa Mato Grosso.<\/p>\n\n\n\n<p>Relatou que o grupo, formado pela matriz e filiais, j\u00e1 possui energia fotovoltaica. Por\u00e9m, no \u00faltimo dia 27 de agosto recebeu uma cobran\u00e7a da Energisa, de ICMS retroativo sobre a TUSD, referentes ao per\u00edodo de setembro de 2017 a mar\u00e7o de 2021.<\/p>\n\n\n\n<p>Apontou que as cobran\u00e7as, que somam R$ 94.137,71, vencem j\u00e1 no pr\u00f3ximo dia 6 de setembro. A empresa afirmou que as cobran\u00e7as s\u00e3o \u201cilegais, arbitr\u00e1rias e vexat\u00f3rias\u201d e pediu que sejam suspensas. Ao analisar o caso, o magistrado destacou que a concession\u00e1ria de energia n\u00e3o apresentou os c\u00e1lculos que utilizou.<\/p>\n\n\n\n<p>\u201cA probabilidade do direito se encontra evidenciada nos documentos acostados aos autos, que comprovam a cobran\u00e7a do ICMS sobre a TUSD para clientes com gera\u00e7\u00e3o distribu\u00edda, referente ao per\u00edodo de set\/2017 a mar\/2021, sem qualquer mem\u00f3ria de c\u00e1lculo individualizada e\/ou informa\u00e7\u00f5es adequadas sobre como o d\u00e9bito cobrado deu-se apurado\u201d.<\/p>\n\n\n\n<p>Ele considerou o risco de dano ao autor da a\u00e7\u00e3o caso seja privado do fornecimento de energia ou tenha seus dados inclu\u00eddos nos cadastros de inadimplentes. O juiz, por\u00e9m, n\u00e3o viu riscos \u00e0 Energisa, j\u00e1 que caso fique comprovado que a cobran\u00e7a \u00e9 leg\u00edtima, o devedor dever\u00e1 pag\u00e1-la.<\/p>\n\n\n\n<p>\u201cTendo em vista a presen\u00e7a dos requisitos autorizadores da medida, concedo a tutela de urg\u00eancia antecipada pretendida, (&#8230;) para determinar que a empresa r\u00e9 suspenda a cobran\u00e7a dos d\u00e9bitos em discuss\u00e3o, bem como os efeitos da mora, sob pena de multa di\u00e1ria de R$ 2.000,00, limitada ao montante de R$ 20.000,00\u201d.<\/p>\n\n\n\n<p>Uma audi\u00eancia de concilia\u00e7\u00e3o foi marcada para o pr\u00f3ximo dia 8 de novembro de 2024, \u00e0s 15h30, que ser\u00e1 realizada de forma virtual.<\/p>\n\n\n\n<p><strong>Notifica\u00e7\u00e3o do Procon<\/strong><br>Recentemente a Secretaria Adjunta de Prote\u00e7\u00e3o e Defesa dos Direitos do Consumidor (Procon-MT) notificou a Energisa a suspender a cobran\u00e7a retroativa do ICMS na fatura de consumidores. A tarifa engloba o per\u00edodo de setembro de 2017 a mar\u00e7o de 2021 e atinge clientes que possuem energia solar.<\/p>\n\n\n\n<p>As cobran\u00e7as aconteciam por cartas e, al\u00e9m da TUSD, diziam respeito \u00e0 Tarifa de Energia (TE). De acordo com o Procon, n\u00e3o existia uma descri\u00e7\u00e3o da origem da d\u00edvida, o que viola o direito dos consumidores de verificarem e questionarem a cobran\u00e7a.<\/p>\n\n\n\n<p>Gazeta Digital <\/p>\n","protected":false},"excerpt":{"rendered":"<p>O juiz Andr\u00e9 Mauricio Lopes Prioli, da 2\u00aa Vara C\u00edvel de V\u00e1rzea Grande, suspendeu uma cobran\u00e7a de R$ 94 mil que a Energisa fez a uma empresa, afirmando que os valores seriam referentes a Imposto sobre Circula\u00e7\u00e3o de Mercadorias e Presta\u00e7\u00e3o de Servi\u00e7os (ICMS) retroativo sobre a Tarifa de Uso do Sistema de Distribui\u00e7\u00e3o (TUSD). [&hellip;]<\/p>\n","protected":false},"author":2,"featured_media":2767,"comment_status":"closed","ping_status":"closed","sticky":false,"template":"","format":"standard","meta":{"_monsterinsights_skip_tracking":false,"_monsterinsights_sitenote_active":false,"_monsterinsights_sitenote_note":"","_monsterinsights_sitenote_category":0,"footnotes":""},"categories":[1],"tags":[],"_links":{"self":[{"href":"https:\/\/nazarenonews.com.br\/index.php\/wp-json\/wp\/v2\/posts\/2766"}],"collection":[{"href":"https:\/\/nazarenonews.com.br\/index.php\/wp-json\/wp\/v2\/posts"}],"about":[{"href":"https:\/\/nazarenonews.com.br\/index.php\/wp-json\/wp\/v2\/types\/post"}],"author":[{"embeddable":true,"href":"https:\/\/nazarenonews.com.br\/index.php\/wp-json\/wp\/v2\/users\/2"}],"replies":[{"embeddable":true,"href":"https:\/\/nazarenonews.com.br\/index.php\/wp-json\/wp\/v2\/comments?post=2766"}],"version-history":[{"count":1,"href":"https:\/\/nazarenonews.com.br\/index.php\/wp-json\/wp\/v2\/posts\/2766\/revisions"}],"predecessor-version":[{"id":2768,"href":"https:\/\/nazarenonews.com.br\/index.php\/wp-json\/wp\/v2\/posts\/2766\/revisions\/2768"}],"wp:featuredmedia":[{"embeddable":true,"href":"https:\/\/nazarenonews.com.br\/index.php\/wp-json\/wp\/v2\/media\/2767"}],"wp:attachment":[{"href":"https:\/\/nazarenonews.com.br\/index.php\/wp-json\/wp\/v2\/media?parent=2766"}],"wp:term":[{"taxonomy":"category","embeddable":true,"href":"https:\/\/nazarenonews.com.br\/index.php\/wp-json\/wp\/v2\/categories?post=2766"},{"taxonomy":"post_tag","embeddable":true,"href":"https:\/\/nazarenonews.com.br\/index.php\/wp-json\/wp\/v2\/tags?post=2766"}],"curies":[{"name":"wp","href":"https:\/\/api.w.org\/{rel}","templated":true}]}}