{"id":2763,"date":"2024-09-05T07:12:43","date_gmt":"2024-09-05T11:12:43","guid":{"rendered":"https:\/\/nazarenonews.com.br\/?p=2763"},"modified":"2024-09-05T07:12:43","modified_gmt":"2024-09-05T11:12:43","slug":"fumaca-causa-fechamento-de-comercio-e-cancelamento-de-desfile-civico-em-mt","status":"publish","type":"post","link":"https:\/\/nazarenonews.com.br\/index.php\/2024\/09\/05\/fumaca-causa-fechamento-de-comercio-e-cancelamento-de-desfile-civico-em-mt\/","title":{"rendered":"Fuma\u00e7a causa fechamento de com\u00e9rcio e cancelamento de desfile c\u00edvico em MT"},"content":{"rendered":"\n<p>Uma grande nuvem de fuma\u00e7a, oriunda dos inc\u00eandios florestais, cobre a cidade de Pontes e Lacerda (444 km de Cuiab\u00e1). A situa\u00e7\u00e3o provocou o fechamento do com\u00e9rcio nesta quarta-feira (4). Al\u00e9m disso, o prefeito Alcino Barcelos anunciou o adiamento do desfile c\u00edvico que seria realizado pelas escolas da cidade no dia 7 setembro.&nbsp;<\/p>\n\n\n\n<p>Em v\u00eddeo gravado que circula nas redes sociais, um morador mostra a cidade toda coberta pela fuma\u00e7a. Contudo, o Corpo de Bombeiros informou que o inc\u00eandio que atingia a cidade foi extinto. A situa\u00e7\u00e3o coloca em risco \u00e0 sa\u00fade da popula\u00e7\u00e3o.<\/p>\n\n\n\n<p>Mas, em raz\u00e3o da fuma\u00e7a, o prefeito publicou um v\u00eddeo nas redes sociais afirmando que ap\u00f3s chover, o desfile ser\u00e1 retomado.\u00a0<\/p>\n\n\n\n<p>&#8220;N\u00f3s estamos trabalhando para reunir todas as escolas, inclusive as estaduais. Realmente dificulta muito fazer um desfile com esse tempo seco e com essa fuma\u00e7a; praticamente n\u00e3o d\u00e1 para enxergar nada. Se chover, a gente faz o desfile&#8221;, afirmou o prefeito.<\/p>\n\n\n\n<p>Hiper Not\u00edcias <\/p>\n","protected":false},"excerpt":{"rendered":"<p>Uma grande nuvem de fuma\u00e7a, oriunda dos inc\u00eandios florestais, cobre a cidade de Pontes e Lacerda (444 km de Cuiab\u00e1). A situa\u00e7\u00e3o provocou o fechamento do com\u00e9rcio nesta quarta-feira (4). Al\u00e9m disso, o prefeito Alcino Barcelos anunciou o adiamento do desfile c\u00edvico que seria realizado pelas escolas da cidade no dia 7 setembro.&nbsp; Em v\u00eddeo [&hellip;]<\/p>\n","protected":false},"author":2,"featured_media":2764,"comment_status":"closed","ping_status":"closed","sticky":false,"template":"","format":"standard","meta":{"_monsterinsights_skip_tracking":false,"_monsterinsights_sitenote_active":false,"_monsterinsights_sitenote_note":"","_monsterinsights_sitenote_category":0,"footnotes":""},"categories":[1],"tags":[],"_links":{"self":[{"href":"https:\/\/nazarenonews.com.br\/index.php\/wp-json\/wp\/v2\/posts\/2763"}],"collection":[{"href":"https:\/\/nazarenonews.com.br\/index.php\/wp-json\/wp\/v2\/posts"}],"about":[{"href":"https:\/\/nazarenonews.com.br\/index.php\/wp-json\/wp\/v2\/types\/post"}],"author":[{"embeddable":true,"href":"https:\/\/nazarenonews.com.br\/index.php\/wp-json\/wp\/v2\/users\/2"}],"replies":[{"embeddable":true,"href":"https:\/\/nazarenonews.com.br\/index.php\/wp-json\/wp\/v2\/comments?post=2763"}],"version-history":[{"count":1,"href":"https:\/\/nazarenonews.com.br\/index.php\/wp-json\/wp\/v2\/posts\/2763\/revisions"}],"predecessor-version":[{"id":2765,"href":"https:\/\/nazarenonews.com.br\/index.php\/wp-json\/wp\/v2\/posts\/2763\/revisions\/2765"}],"wp:featuredmedia":[{"embeddable":true,"href":"https:\/\/nazarenonews.com.br\/index.php\/wp-json\/wp\/v2\/media\/2764"}],"wp:attachment":[{"href":"https:\/\/nazarenonews.com.br\/index.php\/wp-json\/wp\/v2\/media?parent=2763"}],"wp:term":[{"taxonomy":"category","embeddable":true,"href":"https:\/\/nazarenonews.com.br\/index.php\/wp-json\/wp\/v2\/categories?post=2763"},{"taxonomy":"post_tag","embeddable":true,"href":"https:\/\/nazarenonews.com.br\/index.php\/wp-json\/wp\/v2\/tags?post=2763"}],"curies":[{"name":"wp","href":"https:\/\/api.w.org\/{rel}","templated":true}]}}