{"id":2757,"date":"2024-09-04T17:58:22","date_gmt":"2024-09-04T21:58:22","guid":{"rendered":"https:\/\/nazarenonews.com.br\/?p=2757"},"modified":"2024-09-04T17:58:23","modified_gmt":"2024-09-04T21:58:23","slug":"justica-suspende-atividades-de-abatedouro-por-problemas-com-higiene-e-seguranca","status":"publish","type":"post","link":"https:\/\/nazarenonews.com.br\/index.php\/2024\/09\/04\/justica-suspende-atividades-de-abatedouro-por-problemas-com-higiene-e-seguranca\/","title":{"rendered":"Justi\u00e7a suspende atividades de abatedouro por problemas com higiene e seguran\u00e7a"},"content":{"rendered":"\n<p>Foram suspensas, por determina\u00e7\u00e3o da Justi\u00e7a, as atividades comerciais do abatedouro municipal Pag Menos, localizado em Cotrigua\u00e7u (950 km a Noroeste), por tempo indeterminado. Foram constatadas diversas irregularidades relacionadas \u00e0 higiene e seguran\u00e7a no estabelecimento, que j\u00e1 foi multado em R$ 20 mil. Em caso de descumprimento da decis\u00e3o, haver\u00e1 bloqueio de valores e pagamento de multa di\u00e1ria no valor de R$ 2 mil at\u00e9 o montante de R$ 60 mil.<\/p>\n\n\n\n<p>A A\u00e7\u00e3o Civil P\u00fablica foi ajuizada pela Promotoria de Justi\u00e7a de Cotrigua\u00e7u, ap\u00f3s constata\u00e7\u00e3o de diversas irregularidades que comprometem a higiene e a seguran\u00e7a do local: freezer enferrujado; aus\u00eancia de forro em diversas \u00e1reas; janelas sem telas; c\u00e2mara fria inutilizada por ferrugem; ambiente sem climatiza\u00e7\u00e3o adequada; incinerador em condi\u00e7\u00f5es prec\u00e1rias; queima irregular de res\u00edduos; falta de azulejos nas paredes e sujeira em utens\u00edlios e equipamentos.<\/p>\n\n\n\n<p>Um relat\u00f3rio do Instituto de Defesa Agropecu\u00e1ria do Estado de Mato Grosso (Indea-MT) apontou ainda outros pontos negativos, como: aus\u00eancia de lavador de botas, m\u00e3os, \u00e1lcool em gel, papel toalha, sab\u00e3o l\u00edquido e lixeira; manipula\u00e7\u00e3o das carca\u00e7as \u00e9 realizada em cima de uma bancada revestida de cer\u00e2micas que est\u00e3o com v\u00e1rios pontos quebrados; mi\u00fados embalados em sacos pl\u00e1sticos transparentes sem a devida identifica\u00e7\u00e3o por rotulagem, sem data de fabrica\u00e7\u00e3o, validade, lote e o selo de inspe\u00e7\u00e3o.<\/p>\n\n\n\n<p>Al\u00e9m disso, laudo t\u00e9cnico elaborado pela Secretaria de Estado de Meio Ambiente (Sema-MT) concluiu que o abatedouro opera em desacordo com as exig\u00eancias de controle ambiental. O abatedouro foi notificado e penalizado com multa no valor de R$ 20 mil.<\/p>\n\n\n\n<p>\u201cAdemais, nota-se que o Abatedouro de Cotrigua\u00e7u cobrava valor abusivo para o abater os animais, qual seja R$ 675 por animal. Tal abuso comprova-se em compara\u00e7\u00e3o com o Abatedouro do Munic\u00edpio vizinho de Colniza, onde a atividade \u00e9 praticada pelo valor de R$ 280. Assim, n\u00e3o resta alternativa ao Minist\u00e9rio P\u00fablico sen\u00e3o o ajuizamento da presente demanda a fim de resguardar o direto \u00e0 vida e \u00e0 sa\u00fade dos cidad\u00e3os\u201d, argumentou o promotor de Justi\u00e7a substituto Cristiano de Miguel Felipini.<\/p>\n\n\n\n<p><strong>Criminal<\/strong><br>A Promotoria de Justi\u00e7a de Cotrigua\u00e7u tamb\u00e9m denunciou, na esfera criminal, Ademilson Souza Louren\u00e7o, representante do abatedouro, Cleyton Junior Santiago Souza, m\u00e9dico veterin\u00e1rio t\u00e9cnico respons\u00e1vel pela unidade, e Helton Luis D\u2019Agostin, m\u00e9dico veterin\u00e1rio do Servi\u00e7o de Inspe\u00e7\u00e3o Municipal (SIM).<\/p>\n\n\n\n<p>Conforme a den\u00fancia, o trio se associou com o fim espec\u00edfico de cometer crimes; entregou mercadorias em condi\u00e7\u00f5es impr\u00f3prias ao consumo; causou polui\u00e7\u00e3o mediante lan\u00e7amento de res\u00edduos e detritos em desacordo com a lei; produziu e tinha em dep\u00f3sito produtos nocivos \u00e0 sa\u00fade humana ou ao meio ambiente.<\/p>\n\n\n\n<p>Al\u00e9m disso, os m\u00e9dicos veterin\u00e1rios foram denunciados por deixar de praticar ato de of\u00edcio, indevidamente, para satisfa\u00e7\u00e3o de interesse pessoal. A den\u00fancia ainda n\u00e3o foi analisada.<\/p>\n\n\n\n<p>Gazeta digital <\/p>\n","protected":false},"excerpt":{"rendered":"<p>Foram suspensas, por determina\u00e7\u00e3o da Justi\u00e7a, as atividades comerciais do abatedouro municipal Pag Menos, localizado em Cotrigua\u00e7u (950 km a Noroeste), por tempo indeterminado. Foram constatadas diversas irregularidades relacionadas \u00e0 higiene e seguran\u00e7a no estabelecimento, que j\u00e1 foi multado em R$ 20 mil. Em caso de descumprimento da decis\u00e3o, haver\u00e1 bloqueio de valores e pagamento [&hellip;]<\/p>\n","protected":false},"author":2,"featured_media":2758,"comment_status":"closed","ping_status":"closed","sticky":false,"template":"","format":"standard","meta":{"_monsterinsights_skip_tracking":false,"_monsterinsights_sitenote_active":false,"_monsterinsights_sitenote_note":"","_monsterinsights_sitenote_category":0,"footnotes":""},"categories":[1],"tags":[],"_links":{"self":[{"href":"https:\/\/nazarenonews.com.br\/index.php\/wp-json\/wp\/v2\/posts\/2757"}],"collection":[{"href":"https:\/\/nazarenonews.com.br\/index.php\/wp-json\/wp\/v2\/posts"}],"about":[{"href":"https:\/\/nazarenonews.com.br\/index.php\/wp-json\/wp\/v2\/types\/post"}],"author":[{"embeddable":true,"href":"https:\/\/nazarenonews.com.br\/index.php\/wp-json\/wp\/v2\/users\/2"}],"replies":[{"embeddable":true,"href":"https:\/\/nazarenonews.com.br\/index.php\/wp-json\/wp\/v2\/comments?post=2757"}],"version-history":[{"count":1,"href":"https:\/\/nazarenonews.com.br\/index.php\/wp-json\/wp\/v2\/posts\/2757\/revisions"}],"predecessor-version":[{"id":2759,"href":"https:\/\/nazarenonews.com.br\/index.php\/wp-json\/wp\/v2\/posts\/2757\/revisions\/2759"}],"wp:featuredmedia":[{"embeddable":true,"href":"https:\/\/nazarenonews.com.br\/index.php\/wp-json\/wp\/v2\/media\/2758"}],"wp:attachment":[{"href":"https:\/\/nazarenonews.com.br\/index.php\/wp-json\/wp\/v2\/media?parent=2757"}],"wp:term":[{"taxonomy":"category","embeddable":true,"href":"https:\/\/nazarenonews.com.br\/index.php\/wp-json\/wp\/v2\/categories?post=2757"},{"taxonomy":"post_tag","embeddable":true,"href":"https:\/\/nazarenonews.com.br\/index.php\/wp-json\/wp\/v2\/tags?post=2757"}],"curies":[{"name":"wp","href":"https:\/\/api.w.org\/{rel}","templated":true}]}}