{"id":2743,"date":"2024-09-04T07:38:16","date_gmt":"2024-09-04T11:38:16","guid":{"rendered":"https:\/\/nazarenonews.com.br\/?p=2743"},"modified":"2024-09-04T07:38:17","modified_gmt":"2024-09-04T11:38:17","slug":"ex-funcionario-e-namorada-sao-presos-acusados-de-matarem-empresario-em-cuiaba","status":"publish","type":"post","link":"https:\/\/nazarenonews.com.br\/index.php\/2024\/09\/04\/ex-funcionario-e-namorada-sao-presos-acusados-de-matarem-empresario-em-cuiaba\/","title":{"rendered":"Ex-funcion\u00e1rio e namorada s\u00e3o presos acusados de matarem empres\u00e1rio em Cuiab\u00e1"},"content":{"rendered":"\n<p>Um homem, que n\u00e3o teve o nome revelado, e a namorada dele foram presos na noite desta ter\u00e7a-feira (3), acusados de terem matado o empres\u00e1rio M\u00e1rio Martello J\u00fanior, de 68 anos. O corpo da v\u00edtima foi encontrado em sua empresa de reciclagem, no Jardim Industrial, em Cuiab\u00e1.<\/p>\n\n\n\n<p>O criminoso foi encontrado por uma equipe da For\u00e7a T\u00e1tica, ap\u00f3s ter tentado usar o cart\u00e3o de cr\u00e9dito da v\u00edtima.<\/p>\n\n\n\n<p>No local, os militares encontraram o homem junto \u00e0 namorada em posse do cart\u00e3o e do celular do idoso. Durante abordagem, o alvo ainda tentou fugir, mas foi alcan\u00e7ado.<\/p>\n\n\n\n<p>As investiga\u00e7\u00f5es preliminares da Pol\u00edcia Civil apontaram que o criminoso \u00e9 ex-funcion\u00e1rio da empresa do idoso.<\/p>\n\n\n\n<p>O casal foi ouvido pelo delegado Bruno Abreu da Delegacia de Homic\u00eddios e foi encaminhado, na manh\u00e3 desta quarta-feira (4), para o F\u00f3rum Criminal onde passar\u00e1 por audi\u00eancia de cust\u00f3dia.<\/p>\n\n\n\n<p>A motiva\u00e7\u00e3o do crime ainda n\u00e3o foi revelada.<\/p>\n\n\n\n<p><strong>Estava desaparecido<\/strong><\/p>\n\n\n\n<p>O sobrinho relatou no \u00faltimo domingo (1\u00ba) para a pol\u00edcia, que ap\u00f3s o tio n\u00e3o aparecer para o almo\u00e7o, ele foi at\u00e9 a casa de M\u00e1rio e notou que a resid\u00eancia estava trancada, mas o carro n\u00e3o estava na garagem.<\/p>\n\n\n\n<p>Os agentes foram \u00e0 empresa do idoso e perguntaram sobre seu paradeiro para diversos funcion\u00e1rios, mas ningu\u00e9m soube informar sua localiza\u00e7\u00e3o.<\/p>\n\n\n\n<p>O caso segue sob investiga\u00e7\u00e3o.<\/p>\n\n\n\n<p>Rep\u00f3rter MT<\/p>\n","protected":false},"excerpt":{"rendered":"<p>Um homem, que n\u00e3o teve o nome revelado, e a namorada dele foram presos na noite desta ter\u00e7a-feira (3), acusados de terem matado o empres\u00e1rio M\u00e1rio Martello J\u00fanior, de 68 anos. O corpo da v\u00edtima foi encontrado em sua empresa de reciclagem, no Jardim Industrial, em Cuiab\u00e1. O criminoso foi encontrado por uma equipe da [&hellip;]<\/p>\n","protected":false},"author":2,"featured_media":2744,"comment_status":"closed","ping_status":"closed","sticky":false,"template":"","format":"standard","meta":{"_monsterinsights_skip_tracking":false,"_monsterinsights_sitenote_active":false,"_monsterinsights_sitenote_note":"","_monsterinsights_sitenote_category":0,"footnotes":""},"categories":[1],"tags":[],"_links":{"self":[{"href":"https:\/\/nazarenonews.com.br\/index.php\/wp-json\/wp\/v2\/posts\/2743"}],"collection":[{"href":"https:\/\/nazarenonews.com.br\/index.php\/wp-json\/wp\/v2\/posts"}],"about":[{"href":"https:\/\/nazarenonews.com.br\/index.php\/wp-json\/wp\/v2\/types\/post"}],"author":[{"embeddable":true,"href":"https:\/\/nazarenonews.com.br\/index.php\/wp-json\/wp\/v2\/users\/2"}],"replies":[{"embeddable":true,"href":"https:\/\/nazarenonews.com.br\/index.php\/wp-json\/wp\/v2\/comments?post=2743"}],"version-history":[{"count":1,"href":"https:\/\/nazarenonews.com.br\/index.php\/wp-json\/wp\/v2\/posts\/2743\/revisions"}],"predecessor-version":[{"id":2745,"href":"https:\/\/nazarenonews.com.br\/index.php\/wp-json\/wp\/v2\/posts\/2743\/revisions\/2745"}],"wp:featuredmedia":[{"embeddable":true,"href":"https:\/\/nazarenonews.com.br\/index.php\/wp-json\/wp\/v2\/media\/2744"}],"wp:attachment":[{"href":"https:\/\/nazarenonews.com.br\/index.php\/wp-json\/wp\/v2\/media?parent=2743"}],"wp:term":[{"taxonomy":"category","embeddable":true,"href":"https:\/\/nazarenonews.com.br\/index.php\/wp-json\/wp\/v2\/categories?post=2743"},{"taxonomy":"post_tag","embeddable":true,"href":"https:\/\/nazarenonews.com.br\/index.php\/wp-json\/wp\/v2\/tags?post=2743"}],"curies":[{"name":"wp","href":"https:\/\/api.w.org\/{rel}","templated":true}]}}