{"id":2740,"date":"2024-09-04T07:35:17","date_gmt":"2024-09-04T11:35:17","guid":{"rendered":"https:\/\/nazarenonews.com.br\/?p=2740"},"modified":"2024-09-04T07:35:18","modified_gmt":"2024-09-04T11:35:18","slug":"garoto-entra-em-mata-para-cacar-passaros-e-desaparece","status":"publish","type":"post","link":"https:\/\/nazarenonews.com.br\/index.php\/2024\/09\/04\/garoto-entra-em-mata-para-cacar-passaros-e-desaparece\/","title":{"rendered":"Garoto entra em mata para ca\u00e7ar p\u00e1ssaros e desaparece"},"content":{"rendered":"\n<p>Policiais civis procuraram desde o \u00faltimo domingo (1\u00ba), o adolescente Isaque Souza Freitas, de 17 anos, que sumiu ao entrar em uma \u00e1rea de mata para ca\u00e7ar passarinhos em Pontes e Lacerda. V\u00eddeo mostra populares se mobilizando para auxiliar nas buscas.&nbsp;<\/p>\n\n\n\n<p>Por se tratar de uma \u00e1rea de marta densa, o Corpo de Bombeiros tamb\u00e9m foi acionado e presta auxilio \u00e0 pol\u00edcia. Apesar da for\u00e7a tarefa, n\u00e3o foram encontrados ind\u00edcios do paradeiro dele.<\/p>\n\n\n\n<p>Em v\u00eddeo, um morador da regi\u00e3o mostra diversos carros indo para a propriedade rural em que o garoto desapareceu.<\/p>\n\n\n\n<p>As equipes continuam as buscas ao longo desta ter\u00e7a-feira.<\/p>\n\n\n\n<p>Rep\u00f3rter MT<\/p>\n","protected":false},"excerpt":{"rendered":"<p>Policiais civis procuraram desde o \u00faltimo domingo (1\u00ba), o adolescente Isaque Souza Freitas, de 17 anos, que sumiu ao entrar em uma \u00e1rea de mata para ca\u00e7ar passarinhos em Pontes e Lacerda. V\u00eddeo mostra populares se mobilizando para auxiliar nas buscas.&nbsp; Por se tratar de uma \u00e1rea de marta densa, o Corpo de Bombeiros tamb\u00e9m [&hellip;]<\/p>\n","protected":false},"author":2,"featured_media":2741,"comment_status":"closed","ping_status":"closed","sticky":false,"template":"","format":"standard","meta":{"_monsterinsights_skip_tracking":false,"_monsterinsights_sitenote_active":false,"_monsterinsights_sitenote_note":"","_monsterinsights_sitenote_category":0,"footnotes":""},"categories":[1],"tags":[],"_links":{"self":[{"href":"https:\/\/nazarenonews.com.br\/index.php\/wp-json\/wp\/v2\/posts\/2740"}],"collection":[{"href":"https:\/\/nazarenonews.com.br\/index.php\/wp-json\/wp\/v2\/posts"}],"about":[{"href":"https:\/\/nazarenonews.com.br\/index.php\/wp-json\/wp\/v2\/types\/post"}],"author":[{"embeddable":true,"href":"https:\/\/nazarenonews.com.br\/index.php\/wp-json\/wp\/v2\/users\/2"}],"replies":[{"embeddable":true,"href":"https:\/\/nazarenonews.com.br\/index.php\/wp-json\/wp\/v2\/comments?post=2740"}],"version-history":[{"count":1,"href":"https:\/\/nazarenonews.com.br\/index.php\/wp-json\/wp\/v2\/posts\/2740\/revisions"}],"predecessor-version":[{"id":2742,"href":"https:\/\/nazarenonews.com.br\/index.php\/wp-json\/wp\/v2\/posts\/2740\/revisions\/2742"}],"wp:featuredmedia":[{"embeddable":true,"href":"https:\/\/nazarenonews.com.br\/index.php\/wp-json\/wp\/v2\/media\/2741"}],"wp:attachment":[{"href":"https:\/\/nazarenonews.com.br\/index.php\/wp-json\/wp\/v2\/media?parent=2740"}],"wp:term":[{"taxonomy":"category","embeddable":true,"href":"https:\/\/nazarenonews.com.br\/index.php\/wp-json\/wp\/v2\/categories?post=2740"},{"taxonomy":"post_tag","embeddable":true,"href":"https:\/\/nazarenonews.com.br\/index.php\/wp-json\/wp\/v2\/tags?post=2740"}],"curies":[{"name":"wp","href":"https:\/\/api.w.org\/{rel}","templated":true}]}}