{"id":2734,"date":"2024-09-04T07:27:41","date_gmt":"2024-09-04T11:27:41","guid":{"rendered":"https:\/\/nazarenonews.com.br\/?p=2734"},"modified":"2024-09-04T07:27:41","modified_gmt":"2024-09-04T11:27:41","slug":"fazendeiro-e-multado-em-r-50-milhoes-por-queimar-area-do-pantanal-que-equivale-a-105-mil-campos-de-futebol","status":"publish","type":"post","link":"https:\/\/nazarenonews.com.br\/index.php\/2024\/09\/04\/fazendeiro-e-multado-em-r-50-milhoes-por-queimar-area-do-pantanal-que-equivale-a-105-mil-campos-de-futebol\/","title":{"rendered":"Fazendeiro \u00e9 multado em R$ 50 milh\u00f5es por queimar \u00e1rea do Pantanal que equivale a 10,5 mil campos de futebol"},"content":{"rendered":"\n<p>Um fazendeiro foi&nbsp;multado em&nbsp;<strong>R$ 50 milh\u00f5es<\/strong>&nbsp;por ter causado um inc\u00eandio que devastou mais de 7.500 hectares de vegeta\u00e7\u00e3o nativa do&nbsp;<strong>Pantanal<\/strong>, em&nbsp;<a class=\"\" href=\"https:\/\/g1.globo.com\/mt\/mato-grosso\/cidade\/pocone\/\">Pocon\u00e9<\/a>, a 103 km de Cuiab\u00e1, na \u00faltima ter\u00e7a-feira (27), segundo o Instituto Brasileiro do Meio Ambiente e dos Recursos Naturais Renov\u00e1veis (Ibama). A \u00e1rea destru\u00edda equivale a&nbsp;<strong>10.500 campos oficiais de futebol<\/strong>.<\/p>\n\n\n\n<p>Por meio de imagens de sat\u00e9lite e an\u00e1lise geoespacial, os agentes ambientais constataram o crime e, depois, localizaram o respons\u00e1vel pela destrui\u00e7\u00e3o.<\/p>\n\n\n\n<p>De acordo com o Ibama, a\u00a0\u00e1rea afetada pelo fogo foi embargada\u00a0e s\u00f3 poder\u00e1 ser reutilizada ap\u00f3s processo de restaura\u00e7\u00e3o ambiental. Essa\u00a0recupera\u00e7\u00e3o dever\u00e1 ser feita pelo pr\u00f3prio fazendeiro. Enquanto isso, o suspeito\u00a0tamb\u00e9m fica proibido de fazer financiamentos.<\/p>\n\n\n\n<p>O valor da multa aplicada foi estabelecida com base na dimens\u00e3o do territ\u00f3rio impactado, a severidade dos preju\u00edzos e o valor por hectare previsto na legisla\u00e7\u00e3o para esse tipo de infra\u00e7\u00e3o.<\/p>\n\n\n\n<p>Segundo o Instituto, o trabalho faz parte da Opera\u00e7\u00e3o Apoena, realizada em conjunto com as Divis\u00f5es T\u00e9cnico-Ambientais (Ditecs) com o Centro Nacional de Preven\u00e7\u00e3o e Combate aos Inc\u00eandios Florestais (Prevfogo), sob a gest\u00e3o da Diretoria de Prote\u00e7\u00e3o Ambiental (Dipro), do Instituto, para a preven\u00e7\u00e3o e fiscaliza\u00e7\u00e3o de inc\u00eandios florestais.<\/p>\n\n\n\n<p>&#8220;O objetivo \u00e9 agir ostensivamente com vistorias di\u00e1rias aos focos de calor que surgirem nas \u00e1reas priorit\u00e1rias (biomas Pantanal e Amaz\u00f4nico) na tentativa de coibir o uso irregular do fogo e, consequentemente, prevenir os inc\u00eandios florestais, dando dinamismo \u00e0 opera\u00e7\u00e3o e aumentando o poder de dissuas\u00e3o do agente ambiental em campo&#8221;, diz o Ibama, em nota.<\/p>\n\n\n\n<p>O Pantanal \u00e9 a maior plan\u00edcie cont\u00ednua inund\u00e1vel do planeta e comp\u00f5e a Bacia do Rio do Prata, respondendo por parte representativa da biodiversidade da Am\u00e9rica do Sul, conforme a Ag\u00eancia Nacional de \u00c1guas (ANA). A regi\u00e3o do bioma tem import\u00e2ncia ecol\u00f3gica reconhecida pela Unesco como Reserva da Biosfera, bem como pela Constitui\u00e7\u00e3o Federal Brasileira, como s\u00edtio de Patrim\u00f4nio Nacional.<\/p>\n\n\n\n<p>Neste ano, o\u00a0governo de Mato Grosso antecipou o per\u00edodo proibitivo do fogo no Pantanal. A proibi\u00e7\u00e3o no bioma se estende\u00a0<strong>at\u00e9 31 de dezembro<\/strong>. J\u00e1 zona urbana, a proibi\u00e7\u00e3o \u00e9 v\u00e1lida o ano todo para os tr\u00eas biomas mato-grossenses.<\/p>\n\n\n\n<p>O decreto, publicado em junho deste ano, levou em considera\u00e7\u00e3o uma resolu\u00e7\u00e3o da Ag\u00eancia Nacional de \u00c1guas e Saneamento B\u00e1sico, que declara\u00a0situa\u00e7\u00e3o cr\u00edtica de escassez dos recursos h\u00eddricos\u00a0da Regi\u00e3o Hidrogr\u00e1fica do Paraguai, e uma nota t\u00e9cnica do Centro Nacional de Monitoramento e Alerta de Desastres Naturais (Cemaden), que aponta os impactos do fen\u00f4meno La Ni\u00f1a no estado.<\/p>\n\n\n\n<p>G1-MT<\/p>\n","protected":false},"excerpt":{"rendered":"<p>Um fazendeiro foi&nbsp;multado em&nbsp;R$ 50 milh\u00f5es&nbsp;por ter causado um inc\u00eandio que devastou mais de 7.500 hectares de vegeta\u00e7\u00e3o nativa do&nbsp;Pantanal, em&nbsp;Pocon\u00e9, a 103 km de Cuiab\u00e1, na \u00faltima ter\u00e7a-feira (27), segundo o Instituto Brasileiro do Meio Ambiente e dos Recursos Naturais Renov\u00e1veis (Ibama). A \u00e1rea destru\u00edda equivale a&nbsp;10.500 campos oficiais de futebol. Por meio de [&hellip;]<\/p>\n","protected":false},"author":2,"featured_media":2735,"comment_status":"closed","ping_status":"closed","sticky":false,"template":"","format":"standard","meta":{"_monsterinsights_skip_tracking":false,"_monsterinsights_sitenote_active":false,"_monsterinsights_sitenote_note":"","_monsterinsights_sitenote_category":0,"footnotes":""},"categories":[1],"tags":[],"_links":{"self":[{"href":"https:\/\/nazarenonews.com.br\/index.php\/wp-json\/wp\/v2\/posts\/2734"}],"collection":[{"href":"https:\/\/nazarenonews.com.br\/index.php\/wp-json\/wp\/v2\/posts"}],"about":[{"href":"https:\/\/nazarenonews.com.br\/index.php\/wp-json\/wp\/v2\/types\/post"}],"author":[{"embeddable":true,"href":"https:\/\/nazarenonews.com.br\/index.php\/wp-json\/wp\/v2\/users\/2"}],"replies":[{"embeddable":true,"href":"https:\/\/nazarenonews.com.br\/index.php\/wp-json\/wp\/v2\/comments?post=2734"}],"version-history":[{"count":1,"href":"https:\/\/nazarenonews.com.br\/index.php\/wp-json\/wp\/v2\/posts\/2734\/revisions"}],"predecessor-version":[{"id":2736,"href":"https:\/\/nazarenonews.com.br\/index.php\/wp-json\/wp\/v2\/posts\/2734\/revisions\/2736"}],"wp:featuredmedia":[{"embeddable":true,"href":"https:\/\/nazarenonews.com.br\/index.php\/wp-json\/wp\/v2\/media\/2735"}],"wp:attachment":[{"href":"https:\/\/nazarenonews.com.br\/index.php\/wp-json\/wp\/v2\/media?parent=2734"}],"wp:term":[{"taxonomy":"category","embeddable":true,"href":"https:\/\/nazarenonews.com.br\/index.php\/wp-json\/wp\/v2\/categories?post=2734"},{"taxonomy":"post_tag","embeddable":true,"href":"https:\/\/nazarenonews.com.br\/index.php\/wp-json\/wp\/v2\/tags?post=2734"}],"curies":[{"name":"wp","href":"https:\/\/api.w.org\/{rel}","templated":true}]}}