{"id":2720,"date":"2024-09-03T17:13:51","date_gmt":"2024-09-03T21:13:51","guid":{"rendered":"https:\/\/nazarenonews.com.br\/?p=2720"},"modified":"2024-09-03T18:53:32","modified_gmt":"2024-09-03T22:53:32","slug":"amada-igreja-e-prezados-obreiros","status":"publish","type":"post","link":"https:\/\/nazarenonews.com.br\/index.php\/2024\/09\/03\/amada-igreja-e-prezados-obreiros\/","title":{"rendered":"Palavra do Presidente: &#8220;Amada Igreja e Prezados Obreiros&#8221;."},"content":{"rendered":"\n<p><em>Sa\u00fado a todos com a paz do Senhor Jesus!<\/em><\/p>\n\n\n\n<p>Em tempos de tantas mudan\u00e7as e desafios, sinto em meu cora\u00e7\u00e3o a necessidade de nos voltarmos \u00e0s ra\u00edzes da nossa f\u00e9, reafirmando os valores que sempre guiaram o povo de Deus. Como servos do Alt\u00edssimo, somos chamados a ser um exemplo de retid\u00e3o, santidade e compromisso com a Palavra.<\/p>\n\n\n\n<p>Vivemos em uma \u00e9poca em que o mundo tenta constantemente nos afastar dos princ\u00edpios que recebemos do Senhor. Entretanto, como Igreja de Cristo, somos convocados a permanecer firmes e inabal\u00e1veis na Rocha que \u00e9 o nosso Salvador. N\u00e3o podemos nos conformar com os padr\u00f5es deste mundo, mas devemos ser transformados pela renova\u00e7\u00e3o da nossa mente, buscando sempre o que \u00e9 bom, agrad\u00e1vel e perfeito diante de Deus (Romanos 12:2).<\/p>\n\n\n\n<p>Aos queridos obreiros, encorajo-os a continuar vigiando e orando, sendo pastores segundo o cora\u00e7\u00e3o de Deus, que cuidam do rebanho com amor, mas tamb\u00e9m com firmeza. Nunca esque\u00e7amos que fomos chamados para servir, para proclamar a verdade com coragem e para ser luz em meio \u00e0s trevas. Que cada um de n\u00f3s possa estar revestido de toda a armadura de Deus, para resistir no dia mau e permanecer inabal\u00e1vel (Ef\u00e9sios 6:13).<\/p>\n\n\n\n<p>Como Igreja, que possamos seguir unidos, apoiando uns aos outros mutuamente e perseverando na doutrina dos ap\u00f3stolos, na comunh\u00e3o, no partir do p\u00e3o e nas ora\u00e7\u00f5es (Atos 2:42). Que o amor de Cristo seja sempre a nossa marca registrada e que a nossa vida seja um testemunho vivo do poder transformador do Evangelho.<\/p>\n\n\n\n<p>Amados; lembremo-nos de que, acima de tudo, estamos aqui para glorificar o nome do Senhor e para proclamar que Jesus Cristo \u00e9 o \u00fanico caminho, a verdade e a vida. Que o Senhor nos conceda a gra\u00e7a de permanecermos fi\u00e9is, guardando a f\u00e9 e correndo a carreira que nos foi proposta com perseveran\u00e7a.<\/p>\n\n\n\n<p>Que Deus aben\u00e7oe a todos com sa\u00fade, sabedoria e coragem para continuarmos firmes na caminhada at\u00e9 o glorioso dia da Sua vinda.<\/p>\n\n\n\n<p>No amor de Cristo,<\/p>\n\n\n\n<p><em>Pr. Silas Paulo de Souza<\/em><br>Presidente da IEAD Cuiab\u00e1 e Regi\u00e3o, primeiro vice presidente da COMADEMAT, e 5.\u00ba\u00a0vice presidente da CGADB.<\/p>\n\n\n\n<p><em>Por: Jobilei Gonzaga<\/em><br>Jornalista<\/p>\n","protected":false},"excerpt":{"rendered":"<p>Sa\u00fado a todos com a paz do Senhor Jesus! Em tempos de tantas mudan\u00e7as e desafios, sinto em meu cora\u00e7\u00e3o a necessidade de nos voltarmos \u00e0s ra\u00edzes da nossa f\u00e9, reafirmando os valores que sempre guiaram o povo de Deus. Como servos do Alt\u00edssimo, somos chamados a ser um exemplo de retid\u00e3o, santidade e compromisso [&hellip;]<\/p>\n","protected":false},"author":2,"featured_media":2724,"comment_status":"closed","ping_status":"closed","sticky":false,"template":"","format":"standard","meta":{"_monsterinsights_skip_tracking":false,"_monsterinsights_sitenote_active":false,"_monsterinsights_sitenote_note":"","_monsterinsights_sitenote_category":0,"footnotes":""},"categories":[45,44,1],"tags":[],"_links":{"self":[{"href":"https:\/\/nazarenonews.com.br\/index.php\/wp-json\/wp\/v2\/posts\/2720"}],"collection":[{"href":"https:\/\/nazarenonews.com.br\/index.php\/wp-json\/wp\/v2\/posts"}],"about":[{"href":"https:\/\/nazarenonews.com.br\/index.php\/wp-json\/wp\/v2\/types\/post"}],"author":[{"embeddable":true,"href":"https:\/\/nazarenonews.com.br\/index.php\/wp-json\/wp\/v2\/users\/2"}],"replies":[{"embeddable":true,"href":"https:\/\/nazarenonews.com.br\/index.php\/wp-json\/wp\/v2\/comments?post=2720"}],"version-history":[{"count":8,"href":"https:\/\/nazarenonews.com.br\/index.php\/wp-json\/wp\/v2\/posts\/2720\/revisions"}],"predecessor-version":[{"id":2733,"href":"https:\/\/nazarenonews.com.br\/index.php\/wp-json\/wp\/v2\/posts\/2720\/revisions\/2733"}],"wp:featuredmedia":[{"embeddable":true,"href":"https:\/\/nazarenonews.com.br\/index.php\/wp-json\/wp\/v2\/media\/2724"}],"wp:attachment":[{"href":"https:\/\/nazarenonews.com.br\/index.php\/wp-json\/wp\/v2\/media?parent=2720"}],"wp:term":[{"taxonomy":"category","embeddable":true,"href":"https:\/\/nazarenonews.com.br\/index.php\/wp-json\/wp\/v2\/categories?post=2720"},{"taxonomy":"post_tag","embeddable":true,"href":"https:\/\/nazarenonews.com.br\/index.php\/wp-json\/wp\/v2\/tags?post=2720"}],"curies":[{"name":"wp","href":"https:\/\/api.w.org\/{rel}","templated":true}]}}