{"id":2717,"date":"2024-09-03T17:09:03","date_gmt":"2024-09-03T21:09:03","guid":{"rendered":"https:\/\/nazarenonews.com.br\/?p=2717"},"modified":"2024-09-03T17:09:04","modified_gmt":"2024-09-03T21:09:04","slug":"musk-divulga-ordens-de-bloqueio-de-moraes","status":"publish","type":"post","link":"https:\/\/nazarenonews.com.br\/index.php\/2024\/09\/03\/musk-divulga-ordens-de-bloqueio-de-moraes\/","title":{"rendered":"Musk divulga ordens de bloqueio de Moraes"},"content":{"rendered":"\n<p>Uma decis\u00e3o sigilosa do ministro do Superior Tribunal Federal, Alexandre de Moraes, que resultou na suspens\u00e3o do Twitter\/X no Brasil, foi divulgada pelo empres\u00e1rio, de origem sul africana, naturalizado americano Elon Reeve Musk, atrav\u00e9s de uma conta criada na rede denominada \u201cAlexandre Files\u201d. A suspens\u00e3o da rede em todo o territ\u00f3rio nacional foi determinado na \u00faltima sexta-feira (30).<\/p>\n\n\n\n<p>De in\u00edcio, a ordem pedia o bloqueio de usu\u00e1rios envolvidos em supostas \u201ccampanhas de intimida\u00e7\u00e3o\u201d contra a Pol\u00edcia Federal. Segundo o ministro, a campanha disseminou dados pessoais de um delegado, sugeriu que a PF negligenciava a seguran\u00e7a do G20 (Grupo formado pelos ministros de finan\u00e7as e chefes dos bancos centrais das 19 maiores economias do mundo mais a Uni\u00e3o Africana e Uni\u00e3o Europeia) e afirmou a exist\u00eancia de \u201cmilhares de crian\u00e7as v\u00edtimas\u201d de um policial.<\/p>\n\n\n\n<p>No dia 07 de agosto, foi emitida a ordem de bloqueio dos perfis, no entanto o Twitter\/X, intimado no dia 12, n\u00e3o cumpriu a exig\u00eancia. O ministro determinou o cumprimento imediato, no dia 16, sob pena de multa di\u00e1ria e pris\u00e3o. No dia seguinte, a rede social anunciou o fim das atividades da plataforma no Brasil. Moraes suspendeu o acesso ao Twitter\/X na \u00faltima sexta-feira (30).<\/p>\n\n\n\n<p><em>Com informa\u00e7\u00f5es: Revista Oeste (02.09.24)<\/em><\/p>\n","protected":false},"excerpt":{"rendered":"<p>Uma decis\u00e3o sigilosa do ministro do Superior Tribunal Federal, Alexandre de Moraes, que resultou na suspens\u00e3o do Twitter\/X no Brasil, foi divulgada pelo empres\u00e1rio, de origem sul africana, naturalizado americano Elon Reeve Musk, atrav\u00e9s de uma conta criada na rede denominada \u201cAlexandre Files\u201d. A suspens\u00e3o da rede em todo o territ\u00f3rio nacional foi determinado na [&hellip;]<\/p>\n","protected":false},"author":2,"featured_media":2718,"comment_status":"closed","ping_status":"closed","sticky":false,"template":"","format":"standard","meta":{"_monsterinsights_skip_tracking":false,"_monsterinsights_sitenote_active":false,"_monsterinsights_sitenote_note":"","_monsterinsights_sitenote_category":0,"footnotes":""},"categories":[38,37,1],"tags":[],"_links":{"self":[{"href":"https:\/\/nazarenonews.com.br\/index.php\/wp-json\/wp\/v2\/posts\/2717"}],"collection":[{"href":"https:\/\/nazarenonews.com.br\/index.php\/wp-json\/wp\/v2\/posts"}],"about":[{"href":"https:\/\/nazarenonews.com.br\/index.php\/wp-json\/wp\/v2\/types\/post"}],"author":[{"embeddable":true,"href":"https:\/\/nazarenonews.com.br\/index.php\/wp-json\/wp\/v2\/users\/2"}],"replies":[{"embeddable":true,"href":"https:\/\/nazarenonews.com.br\/index.php\/wp-json\/wp\/v2\/comments?post=2717"}],"version-history":[{"count":1,"href":"https:\/\/nazarenonews.com.br\/index.php\/wp-json\/wp\/v2\/posts\/2717\/revisions"}],"predecessor-version":[{"id":2719,"href":"https:\/\/nazarenonews.com.br\/index.php\/wp-json\/wp\/v2\/posts\/2717\/revisions\/2719"}],"wp:featuredmedia":[{"embeddable":true,"href":"https:\/\/nazarenonews.com.br\/index.php\/wp-json\/wp\/v2\/media\/2718"}],"wp:attachment":[{"href":"https:\/\/nazarenonews.com.br\/index.php\/wp-json\/wp\/v2\/media?parent=2717"}],"wp:term":[{"taxonomy":"category","embeddable":true,"href":"https:\/\/nazarenonews.com.br\/index.php\/wp-json\/wp\/v2\/categories?post=2717"},{"taxonomy":"post_tag","embeddable":true,"href":"https:\/\/nazarenonews.com.br\/index.php\/wp-json\/wp\/v2\/tags?post=2717"}],"curies":[{"name":"wp","href":"https:\/\/api.w.org\/{rel}","templated":true}]}}