{"id":2714,"date":"2024-09-03T17:06:41","date_gmt":"2024-09-03T21:06:41","guid":{"rendered":"https:\/\/nazarenonews.com.br\/?p=2714"},"modified":"2024-09-03T17:06:41","modified_gmt":"2024-09-03T21:06:41","slug":"crise-na-venezuela-amorim-diz-que-brasil-nao-aceitara-prisao-de-gonzalez-muito-preocupante","status":"publish","type":"post","link":"https:\/\/nazarenonews.com.br\/index.php\/2024\/09\/03\/crise-na-venezuela-amorim-diz-que-brasil-nao-aceitara-prisao-de-gonzalez-muito-preocupante\/","title":{"rendered":"Crise na Venezuela Amorim diz que Brasil n\u00e3o aceitar\u00e1 pris\u00e3o de Gonz\u00e1lez: \u201cmuito preocupante\u201d"},"content":{"rendered":"\n<p>O embaixador Celso Amorim, assessor especial do presidente Luiz In\u00e1cio Lula da Silva (PT) para assuntos internacionais, afirmou nesta ter\u00e7a (3) que o Brasil n\u00e3o aceitar\u00e1 uma eventual pris\u00e3o do opositor Edmundo Gonz\u00e1lez na Venezuela, como determinada pela Justi\u00e7a do pa\u00eds a pedido do Minist\u00e9rio P\u00fablico venezuelano.<\/p>\n\n\n\n<p>Para ele, a pris\u00e3o \u00e9 \u201cmuito preocupante\u201d para o Brasil e ser\u00e1 \u201cpol\u00edtica\u201d, o que o governo n\u00e3o aceitar\u00e1 se ocorrer. \u201cSeria uma pris\u00e3o pol\u00edtica, e n\u00e3o aceitamos presos pol\u00edticos\u201d, disse em entrevista \u00e0 Reuters.<\/p>\n\n\n\n<p>Ainda de acordo com ele, o mandado de pris\u00e3o contra a oposi\u00e7\u00e3o foi \u201ccoisa errada a fazer\u201d, e que a situa\u00e7\u00e3o eleitoral na Venezuela \u201cn\u00e3o est\u00e1 resolvida\u201d.<br><\/p>\n\n\n\n<p>Amorim repetiu o discurso que Lula e o governo v\u00eam adotando desde a conturbada elei\u00e7\u00e3o sob forte suspeita de fraude no dia 28 de julho, de que n\u00e3o reconhece a reelei\u00e7\u00e3o de Nicol\u00e1s Maduro e nem a alegada vit\u00f3ria da oposi\u00e7\u00e3o sem a apresenta\u00e7\u00e3o oficial das atas de vota\u00e7\u00e3o.<\/p>\n\n\n\n<p>\u201cA situa\u00e7\u00e3o eleitoral na Venezuela n\u00e3o est\u00e1 resolvida, n\u00e3o vemos vit\u00f3ria para um lado ou outro\u201d, completou o embaixador. O Minist\u00e9rio das Rela\u00e7\u00f5es Exteriores ainda n\u00e3o se pronunciou sobre o mandado de pris\u00e3o expedido pela Justi\u00e7a venezuelana.<\/p>\n\n\n\n<p>Um pouco mais cedo, o ministro Rui Costa, da Casa Civil, endureceu o discurso de media\u00e7\u00e3o e de cobran\u00e7a pelas atas de vota\u00e7\u00e3o, e afirmou que a repress\u00e3o afeta diretamente o povo venezuelano.<\/p>\n\n\n\n<p>Ainda segundo Costa, o Brasil pode vir a conceder asilo pol\u00edtico a Gonz\u00e1lez se for acionado, seguindo uma tradi\u00e7\u00e3o de conceder abrigo a fugitivos de regimes autorit\u00e1rios.<\/p>\n\n\n\n<p>\u201cNo caso concreto [de Gonz\u00e1lez] \u00e9 evidente que quem se posicionar\u00e1 ser\u00e1 a embaixada brasileira e o presidente da Rep\u00fablica. Mas, acho que, seguindo a tradi\u00e7\u00e3o, o Brasil acolhe todos aqueles que buscam ter um espa\u00e7o para viver em paz\u201d, disse o ministro em entrevista \u00e0 GloboNews.<\/p>\n\n\n\n<p>De acordo com ele, o Brasil \u00e9 um dos pa\u00edses que mais recebem venezuelanos \u201cque buscam\u201d viver aqui \u2013 ele evita falar em fuga. Segundo o Minist\u00e9rio da Justi\u00e7a, quase quatro mil cidad\u00e3os cruzaram a fronteira fugindo do regime chavista somente ap\u00f3s a elei\u00e7\u00e3o de 28 de julho.<\/p>\n\n\n\n<p>Em todo o m\u00eas de julho, 9.331 venezuelanos atravessaram a fronteira por Pacaraima, segundo a Pol\u00edcia Federal. Em junho, foram 8.602. Os dados do Minist\u00e9rio da Justi\u00e7a mostram um fluxo di\u00e1rio de 273 venezuelanos entrando no Brasil entre os dias 29\/07 e 11\/08.<br><\/p>\n\n\n\n<p>Ele ainda ressaltou que a Venezuela precisa apresentar os documentos para se chegar a uma normalidade que permita ao pa\u00eds voltar a se relacionar com as demais na\u00e7\u00f5es do mundo. Costa, no entanto, ignorou as cr\u00edticas que o governo de Maduro fez ao Brasil ap\u00f3s a confirma\u00e7\u00e3o da reelei\u00e7\u00e3o pela Justi\u00e7a venezuelana.<\/p>\n\n\n\n<p>Na noite de segunda (2), a promotoria da Venezuela \u2013 controlada pelo regime chavista \u2013 emitiu uma ordem contra o pol\u00edtico por supostamente cometer seis crimes ligados \u00e0 elei\u00e7\u00e3o com fortes ind\u00edcios de fraude que reelegeu Nicol\u00e1s Maduro h\u00e1 pouco mais de um m\u00eas. O pedido foi aceito pela Justi\u00e7a do pa\u00eds, tamb\u00e9m sob o comando do ditador.<br><\/p>\n\n\n\n<p>Gazeta do Povo<\/p>\n\n\n\n<p><br><\/p>\n","protected":false},"excerpt":{"rendered":"<p>O embaixador Celso Amorim, assessor especial do presidente Luiz In\u00e1cio Lula da Silva (PT) para assuntos internacionais, afirmou nesta ter\u00e7a (3) que o Brasil n\u00e3o aceitar\u00e1 uma eventual pris\u00e3o do opositor Edmundo Gonz\u00e1lez na Venezuela, como determinada pela Justi\u00e7a do pa\u00eds a pedido do Minist\u00e9rio P\u00fablico venezuelano. Para ele, a pris\u00e3o \u00e9 \u201cmuito preocupante\u201d para [&hellip;]<\/p>\n","protected":false},"author":2,"featured_media":2715,"comment_status":"closed","ping_status":"closed","sticky":false,"template":"","format":"standard","meta":{"_monsterinsights_skip_tracking":false,"_monsterinsights_sitenote_active":false,"_monsterinsights_sitenote_note":"","_monsterinsights_sitenote_category":0,"footnotes":""},"categories":[37,1],"tags":[],"_links":{"self":[{"href":"https:\/\/nazarenonews.com.br\/index.php\/wp-json\/wp\/v2\/posts\/2714"}],"collection":[{"href":"https:\/\/nazarenonews.com.br\/index.php\/wp-json\/wp\/v2\/posts"}],"about":[{"href":"https:\/\/nazarenonews.com.br\/index.php\/wp-json\/wp\/v2\/types\/post"}],"author":[{"embeddable":true,"href":"https:\/\/nazarenonews.com.br\/index.php\/wp-json\/wp\/v2\/users\/2"}],"replies":[{"embeddable":true,"href":"https:\/\/nazarenonews.com.br\/index.php\/wp-json\/wp\/v2\/comments?post=2714"}],"version-history":[{"count":1,"href":"https:\/\/nazarenonews.com.br\/index.php\/wp-json\/wp\/v2\/posts\/2714\/revisions"}],"predecessor-version":[{"id":2716,"href":"https:\/\/nazarenonews.com.br\/index.php\/wp-json\/wp\/v2\/posts\/2714\/revisions\/2716"}],"wp:featuredmedia":[{"embeddable":true,"href":"https:\/\/nazarenonews.com.br\/index.php\/wp-json\/wp\/v2\/media\/2715"}],"wp:attachment":[{"href":"https:\/\/nazarenonews.com.br\/index.php\/wp-json\/wp\/v2\/media?parent=2714"}],"wp:term":[{"taxonomy":"category","embeddable":true,"href":"https:\/\/nazarenonews.com.br\/index.php\/wp-json\/wp\/v2\/categories?post=2714"},{"taxonomy":"post_tag","embeddable":true,"href":"https:\/\/nazarenonews.com.br\/index.php\/wp-json\/wp\/v2\/tags?post=2714"}],"curies":[{"name":"wp","href":"https:\/\/api.w.org\/{rel}","templated":true}]}}