{"id":2710,"date":"2024-09-03T16:56:47","date_gmt":"2024-09-03T20:56:47","guid":{"rendered":"https:\/\/nazarenonews.com.br\/?p=2710"},"modified":"2024-09-03T16:56:48","modified_gmt":"2024-09-03T20:56:48","slug":"corpo-de-empresario-desaparecido-e-encontrado-em-patio-de-sua-empresa-em-cuiaba","status":"publish","type":"post","link":"https:\/\/nazarenonews.com.br\/index.php\/2024\/09\/03\/corpo-de-empresario-desaparecido-e-encontrado-em-patio-de-sua-empresa-em-cuiaba\/","title":{"rendered":"Corpo de empres\u00e1rio desaparecido \u00e9 encontrado em p\u00e1tio de sua empresa em Cuiab\u00e1"},"content":{"rendered":"\n<p>O empres\u00e1rio M\u00e1rio Martello Junior, de 68 anos, que estava desaparecido desde o \u00faltimo domingo,01, foi encontrado morto na tarde desta ter\u00e7a-feira,03, em uma \u00e1rea de descarte de sua pr\u00f3pria empresa de reciclagem, localizada no Bairro Distrito Industrial, em Cuiab\u00e1.<\/p>\n\n\n\n<p>O corpo de M\u00e1rio foi descoberto dentro de um saco industrial, ocultado sob entulhos e embalagens. De acordo com a Pol\u00edcia, a v\u00edtima j\u00e1 estava em avan\u00e7ado estado de decomposi\u00e7\u00e3o quando foi localizada.<\/p>\n\n\n\n<p>A Per\u00edcia Oficial e Identifica\u00e7\u00e3o T\u00e9cnica (Politec) realizou os procedimentos no local antes de encaminhar o corpo ao Instituto M\u00e9dico Legal (IML) para exame de necropsia.<\/p>\n\n\n\n<p>A Delegacia de Homic\u00eddios e Prote\u00e7\u00e3o \u00e0 Pessoa (DHPP) est\u00e1 investigando o caso. Informa\u00e7\u00f5es preliminares indicam que M\u00e1rio havia planejado almo\u00e7ar com um sobrinho no domingo, mas n\u00e3o apareceu e n\u00e3o deu mais not\u00edcias.<\/p>\n\n\n\n<p>Preocupado, o sobrinho foi at\u00e9 a casa do empres\u00e1rio, no Jardim Jockey Clube, mas encontrou o local trancado e sem sinais do carro.<\/p>\n\n\n\n<p>Ao se deslocar at\u00e9 a empresa de M\u00e1rio, o sobrinho encontrou o carro destrancado e documentos pessoais do tio em um escrit\u00f3rio antigo, n\u00e3o mais utilizado ap\u00f3s um inc\u00eandio.<\/p>\n\n\n\n<p>Um funcion\u00e1rio revelou \u00e0 fam\u00edlia que, na semana anterior ao desaparecimento, M\u00e1rio teria se desentendido com um homem em situa\u00e7\u00e3o de rua que costumava dormir no p\u00e1tio da empresa. Esse homem, desde ent\u00e3o, n\u00e3o foi mais visto.<\/p>\n\n\n\n<p>O caso segue sendo investigado.<\/p>\n\n\n\n<p>Folha do Estado <\/p>\n","protected":false},"excerpt":{"rendered":"<p>O empres\u00e1rio M\u00e1rio Martello Junior, de 68 anos, que estava desaparecido desde o \u00faltimo domingo,01, foi encontrado morto na tarde desta ter\u00e7a-feira,03, em uma \u00e1rea de descarte de sua pr\u00f3pria empresa de reciclagem, localizada no Bairro Distrito Industrial, em Cuiab\u00e1. O corpo de M\u00e1rio foi descoberto dentro de um saco industrial, ocultado sob entulhos e [&hellip;]<\/p>\n","protected":false},"author":2,"featured_media":2711,"comment_status":"closed","ping_status":"closed","sticky":false,"template":"","format":"standard","meta":{"_monsterinsights_skip_tracking":false,"_monsterinsights_sitenote_active":false,"_monsterinsights_sitenote_note":"","_monsterinsights_sitenote_category":0,"footnotes":""},"categories":[1],"tags":[],"_links":{"self":[{"href":"https:\/\/nazarenonews.com.br\/index.php\/wp-json\/wp\/v2\/posts\/2710"}],"collection":[{"href":"https:\/\/nazarenonews.com.br\/index.php\/wp-json\/wp\/v2\/posts"}],"about":[{"href":"https:\/\/nazarenonews.com.br\/index.php\/wp-json\/wp\/v2\/types\/post"}],"author":[{"embeddable":true,"href":"https:\/\/nazarenonews.com.br\/index.php\/wp-json\/wp\/v2\/users\/2"}],"replies":[{"embeddable":true,"href":"https:\/\/nazarenonews.com.br\/index.php\/wp-json\/wp\/v2\/comments?post=2710"}],"version-history":[{"count":1,"href":"https:\/\/nazarenonews.com.br\/index.php\/wp-json\/wp\/v2\/posts\/2710\/revisions"}],"predecessor-version":[{"id":2712,"href":"https:\/\/nazarenonews.com.br\/index.php\/wp-json\/wp\/v2\/posts\/2710\/revisions\/2712"}],"wp:featuredmedia":[{"embeddable":true,"href":"https:\/\/nazarenonews.com.br\/index.php\/wp-json\/wp\/v2\/media\/2711"}],"wp:attachment":[{"href":"https:\/\/nazarenonews.com.br\/index.php\/wp-json\/wp\/v2\/media?parent=2710"}],"wp:term":[{"taxonomy":"category","embeddable":true,"href":"https:\/\/nazarenonews.com.br\/index.php\/wp-json\/wp\/v2\/categories?post=2710"},{"taxonomy":"post_tag","embeddable":true,"href":"https:\/\/nazarenonews.com.br\/index.php\/wp-json\/wp\/v2\/tags?post=2710"}],"curies":[{"name":"wp","href":"https:\/\/api.w.org\/{rel}","templated":true}]}}