{"id":2704,"date":"2024-09-03T16:43:36","date_gmt":"2024-09-03T20:43:36","guid":{"rendered":"https:\/\/nazarenonews.com.br\/?p=2704"},"modified":"2024-09-03T17:01:03","modified_gmt":"2024-09-03T21:01:03","slug":"calor-intenso-atrapalha-pouso-de-aviao-fretado-para-buscar-deputado-de-mt","status":"publish","type":"post","link":"https:\/\/nazarenonews.com.br\/index.php\/2024\/09\/03\/calor-intenso-atrapalha-pouso-de-aviao-fretado-para-buscar-deputado-de-mt\/","title":{"rendered":"Calor intenso atrapalha pouso de avi\u00e3o fretado para buscar deputado de MT"},"content":{"rendered":"\n<p>Um avi\u00e3o fretado pela Assembleia Legislativa de Mato Grosso (ALMT) para buscar o deputado estadual Valmir Moretto (Republicanos), em uma fazenda de&nbsp;<a class=\"\" href=\"https:\/\/g1.globo.com\/mt\/mato-grosso\/cidade\/conquista-doeste\/\">Conquista D&#8217;Oeste<\/a>, a 571 km de Cuiab\u00e1,&nbsp;fez um pouso for\u00e7ado,&nbsp;nessa segunda-feira (2). Ningu\u00e9m ficou ferido.<\/p>\n\n\n\n<p>Em nota, a assessoria do deputado informou que,&nbsp;devido ao calor intenso, a aeronave apresentou flutua\u00e7\u00e3o no momento do pouso. Por isso, considerando a presen\u00e7a de fios na cabeceira oposta da pista, o&nbsp;piloto optou por uma frenagem brusca e recolhimento do trem de pouso, resultando em um pouso r\u00e1pido.<\/p>\n\n\n\n<p>J\u00e1 a empresa respons\u00e1vel pela aeronave, informou que todas as autoridades inerentes a avia\u00e7\u00e3o, inclusive o Centro de Investiga\u00e7\u00e3o e Preven\u00e7\u00e3o de Acidentes Aeron\u00e1uticos (CENIPA), foram comunicadas sobre o incidente.<\/p>\n\n\n\n<p>Segundo a empresa, o avi\u00e3o est\u00e1 em condi\u00e7\u00f5es normais de aeronavegabilidade, conforme a Ag\u00eancia Nacional de Avia\u00e7\u00e3o Civil (Anac).<\/p>\n\n\n\n<p>Ao\u00a0<a class=\"\" href=\"https:\/\/g1.globo.com\/mt\/mato-grosso\/\"><strong>g1<\/strong><\/a>, o deputado disse que acionou a aeronave para conseguir voltar para Cuiab\u00e1 a tempo de um compromisso do trabalho, no entanto, devido ao incidente, precisou retornar de carro somente nesta ter\u00e7a-feira (3).<\/p>\n\n\n\n<p><strong>&#8220;O piloto explicou que n\u00e3o conseguia descer, pois tinha uma press\u00e3o de ar muito quente e fuma\u00e7a. N\u00e3o aconteceu nada grave, mas fiquei assustado e levei os tripulantes para um posto de s\u00e1ude para garantir que estavam bem&#8221;, contou.<\/strong><\/p>\n\n\n\n<p>Em agosto deste ano, um\u00a0<a class=\"\" href=\"https:\/\/g1.globo.com\/mt\/mato-grosso\/noticia\/2024\/08\/09\/aviao-que-pousou-de-bico-em-mt-e-de-deputado-e-precisou-mudar-rota-problemas-climaticos.ghtml\">avi\u00e3o de pequeno porte pertencente ao mesmo deputado, fez um pouso de emerg\u00eancia,\u00a0<\/a>no Aeroporto Internacional Marechal Rondon, em\u00a0<a class=\"\" href=\"https:\/\/g1.globo.com\/mt\/mato-grosso\/cidade\/varzea-grande-mt\/\">V\u00e1rzea Grande<\/a>, devido a alguns problemas clim\u00e1ticos, como quantidade excessiva de fuma\u00e7a e neblina. Na ocasi\u00e3o, o ve\u00edculo pousou de bico.<\/p>\n\n\n\n<h2 class=\"wp-block-heading\">Como o calor afeta voos<\/h2>\n\n\n\n<p>De acordo com a Associa\u00e7\u00e3o Brasileira das Empresas A\u00e9reas (ABEAR), a pot\u00eancia do motor depende do fluxo de combust\u00edvel e do volume de oxig\u00eanio que entra nos motores dos avi\u00f5es durante a acelera\u00e7\u00e3o e esse fator est\u00e1 diretamente relacionado \u00e0 densidade do ar.<\/p>\n\n\n\n<p>Em situa\u00e7\u00f5es de calor intenso, com a densidade do ar reduzida, o volume de oxig\u00eanio que entra nos motores tamb\u00e9m diminui, o que impacta diretamente na pot\u00eancia, portanto, e na performance do avi\u00e3o.<\/p>\n\n\n\n<p>G1-MT<\/p>\n","protected":false},"excerpt":{"rendered":"<p>Um avi\u00e3o fretado pela Assembleia Legislativa de Mato Grosso (ALMT) para buscar o deputado estadual Valmir Moretto (Republicanos), em uma fazenda de&nbsp;Conquista D&#8217;Oeste, a 571 km de Cuiab\u00e1,&nbsp;fez um pouso for\u00e7ado,&nbsp;nessa segunda-feira (2). Ningu\u00e9m ficou ferido. Em nota, a assessoria do deputado informou que,&nbsp;devido ao calor intenso, a aeronave apresentou flutua\u00e7\u00e3o no momento do pouso. [&hellip;]<\/p>\n","protected":false},"author":2,"featured_media":2713,"comment_status":"closed","ping_status":"closed","sticky":false,"template":"","format":"standard","meta":{"_monsterinsights_skip_tracking":false,"_monsterinsights_sitenote_active":false,"_monsterinsights_sitenote_note":"","_monsterinsights_sitenote_category":0,"footnotes":""},"categories":[1],"tags":[],"_links":{"self":[{"href":"https:\/\/nazarenonews.com.br\/index.php\/wp-json\/wp\/v2\/posts\/2704"}],"collection":[{"href":"https:\/\/nazarenonews.com.br\/index.php\/wp-json\/wp\/v2\/posts"}],"about":[{"href":"https:\/\/nazarenonews.com.br\/index.php\/wp-json\/wp\/v2\/types\/post"}],"author":[{"embeddable":true,"href":"https:\/\/nazarenonews.com.br\/index.php\/wp-json\/wp\/v2\/users\/2"}],"replies":[{"embeddable":true,"href":"https:\/\/nazarenonews.com.br\/index.php\/wp-json\/wp\/v2\/comments?post=2704"}],"version-history":[{"count":1,"href":"https:\/\/nazarenonews.com.br\/index.php\/wp-json\/wp\/v2\/posts\/2704\/revisions"}],"predecessor-version":[{"id":2706,"href":"https:\/\/nazarenonews.com.br\/index.php\/wp-json\/wp\/v2\/posts\/2704\/revisions\/2706"}],"wp:featuredmedia":[{"embeddable":true,"href":"https:\/\/nazarenonews.com.br\/index.php\/wp-json\/wp\/v2\/media\/2713"}],"wp:attachment":[{"href":"https:\/\/nazarenonews.com.br\/index.php\/wp-json\/wp\/v2\/media?parent=2704"}],"wp:term":[{"taxonomy":"category","embeddable":true,"href":"https:\/\/nazarenonews.com.br\/index.php\/wp-json\/wp\/v2\/categories?post=2704"},{"taxonomy":"post_tag","embeddable":true,"href":"https:\/\/nazarenonews.com.br\/index.php\/wp-json\/wp\/v2\/tags?post=2704"}],"curies":[{"name":"wp","href":"https:\/\/api.w.org\/{rel}","templated":true}]}}