{"id":2700,"date":"2024-09-03T07:25:42","date_gmt":"2024-09-03T11:25:42","guid":{"rendered":"https:\/\/nazarenonews.com.br\/?p=2700"},"modified":"2024-09-03T07:25:42","modified_gmt":"2024-09-03T11:25:42","slug":"previsao-do-tempo-terca-feira-3-com-alerta-para-baixa-umidade-e-onda-de-calor-no-mato-grosso","status":"publish","type":"post","link":"https:\/\/nazarenonews.com.br\/index.php\/2024\/09\/03\/previsao-do-tempo-terca-feira-3-com-alerta-para-baixa-umidade-e-onda-de-calor-no-mato-grosso\/","title":{"rendered":"PREVIS\u00c3O DO TEMPO: ter\u00e7a-feira (3) com alerta para baixa umidade e onda de calor no Mato Grosso"},"content":{"rendered":"\n<p>Nesta ter\u00e7a-feira (3), o Instituto Nacional de Meteorologia (Inmet) alerta para perigo potencial de baixa umidade e onda de calor em todo o Mato Grosso, em cidades como Rondon\u00f3polis, Tangar\u00e1 da Serra e Poxor\u00e9u.<\/p>\n\n\n\n<p>A previs\u00e3o \u00e9 de varia\u00e7\u00e3o de nuvens em todo o Mato Grosso durante o dia e \u00e0 noite.<\/p>\n\n\n\n<p>A previs\u00e3o do Inmet para setembro \u00e9 de chuvas pr\u00f3ximas ou abaixo da m\u00e9dia. A seca pode ser ben\u00e9fica para a matura\u00e7\u00e3o e colheita de milho e trigo, mas pode prejudicar lavouras de trigo em enchimento de gr\u00e3os, especialmente no Mato Grosso do Sul.<\/p>\n\n\n\n<p>A temperatura m\u00ednima fica em torno de 18\u00b0C, em Alto Taquari, e a m\u00e1xima prevista \u00e9 de 42\u00baC, em C\u00e1ceres. A umidade relativa do ar varia entre 15% e 60%.<\/p>\n\n\n\n<p>As informa\u00e7\u00f5es s\u00e3o do Instituto Nacional de Meteorologia.<\/p>\n\n\n\n<p>Fonte: <a href=\"https:\/\/brasil61.com\/n\/previsao-do-tempo-terca-feira-3-com-alerta-para-baixa-umidade-e-onda-de-calor-no-mato-grosso-ptco243799\" target=\"_blank\" rel=\"noreferrer noopener\">Brasil 61<\/a><\/p>\n","protected":false},"excerpt":{"rendered":"<p>Nesta ter\u00e7a-feira (3), o Instituto Nacional de Meteorologia (Inmet) alerta para perigo potencial de baixa umidade e onda de calor em todo o Mato Grosso, em cidades como Rondon\u00f3polis, Tangar\u00e1 da Serra e Poxor\u00e9u. A previs\u00e3o \u00e9 de varia\u00e7\u00e3o de nuvens em todo o Mato Grosso durante o dia e \u00e0 noite. A previs\u00e3o do [&hellip;]<\/p>\n","protected":false},"author":2,"featured_media":2184,"comment_status":"closed","ping_status":"closed","sticky":false,"template":"","format":"standard","meta":{"_monsterinsights_skip_tracking":false,"_monsterinsights_sitenote_active":false,"_monsterinsights_sitenote_note":"","_monsterinsights_sitenote_category":0,"footnotes":""},"categories":[52],"tags":[],"_links":{"self":[{"href":"https:\/\/nazarenonews.com.br\/index.php\/wp-json\/wp\/v2\/posts\/2700"}],"collection":[{"href":"https:\/\/nazarenonews.com.br\/index.php\/wp-json\/wp\/v2\/posts"}],"about":[{"href":"https:\/\/nazarenonews.com.br\/index.php\/wp-json\/wp\/v2\/types\/post"}],"author":[{"embeddable":true,"href":"https:\/\/nazarenonews.com.br\/index.php\/wp-json\/wp\/v2\/users\/2"}],"replies":[{"embeddable":true,"href":"https:\/\/nazarenonews.com.br\/index.php\/wp-json\/wp\/v2\/comments?post=2700"}],"version-history":[{"count":1,"href":"https:\/\/nazarenonews.com.br\/index.php\/wp-json\/wp\/v2\/posts\/2700\/revisions"}],"predecessor-version":[{"id":2701,"href":"https:\/\/nazarenonews.com.br\/index.php\/wp-json\/wp\/v2\/posts\/2700\/revisions\/2701"}],"wp:featuredmedia":[{"embeddable":true,"href":"https:\/\/nazarenonews.com.br\/index.php\/wp-json\/wp\/v2\/media\/2184"}],"wp:attachment":[{"href":"https:\/\/nazarenonews.com.br\/index.php\/wp-json\/wp\/v2\/media?parent=2700"}],"wp:term":[{"taxonomy":"category","embeddable":true,"href":"https:\/\/nazarenonews.com.br\/index.php\/wp-json\/wp\/v2\/categories?post=2700"},{"taxonomy":"post_tag","embeddable":true,"href":"https:\/\/nazarenonews.com.br\/index.php\/wp-json\/wp\/v2\/tags?post=2700"}],"curies":[{"name":"wp","href":"https:\/\/api.w.org\/{rel}","templated":true}]}}