{"id":2697,"date":"2024-09-03T07:23:54","date_gmt":"2024-09-03T11:23:54","guid":{"rendered":"https:\/\/nazarenonews.com.br\/?p=2697"},"modified":"2024-09-03T07:23:55","modified_gmt":"2024-09-03T11:23:55","slug":"operacao-integrada-apreende-mais-de-700-tabletes-de-droga","status":"publish","type":"post","link":"https:\/\/nazarenonews.com.br\/index.php\/2024\/09\/03\/operacao-integrada-apreende-mais-de-700-tabletes-de-droga\/","title":{"rendered":"Opera\u00e7\u00e3o integrada apreende mais de 700 tabletes de droga"},"content":{"rendered":"\n<p>Uma opera\u00e7\u00e3o integrada entre policiais do Grupo Especial de Fronteira (Gefron), da Pol\u00edcia Judici\u00e1ria Civil e da Pol\u00edcia Federal levou a pris\u00e3o de um homem, de 34 anos, que transportava&nbsp;707 tabletes de droga&nbsp;dentro de um caminh\u00e3o c\u00e2mara fria.<\/p>\n\n\n\n<p>A pris\u00e3o aconteceu na BR-174, em C\u00e1ceres (a 220 km de Cuiab\u00e1), por volta das 3h da madrugada deste s\u00e1bado (31). O preju\u00edzo causado ao crime organizado \u00e9 de cerca de R$ 7 milh\u00f5es.<\/p>\n\n\n\n<p>De acordo com o relat\u00f3rio da opera\u00e7\u00e3o, foram apreendidos 67 tabletes de cloridrato de coca\u00edna, 202 de pasta base de coca\u00edna e 438 de subst\u00e2ncia an\u00e1loga a Skank, a chamada super maconha.<\/p>\n\n\n\n<p>Os policiais abordaram o caminh\u00e3o na rodovia e a vistoria levou a uma s\u00e9rie de suspeitas. Al\u00e9m de inconformidade no lacre utilizado no trancamento do compartimento de carga, o comportamento de Haika, o c\u00e3o farejador da Pol\u00edcia Civil, refor\u00e7ou a suspeita da presen\u00e7a de droga no ve\u00edculo. Levado para um frigor\u00edfico em C\u00e1ceres, o caminh\u00e3o foi aberto e a droga localizada.<\/p>\n\n\n\n<p>Os entorpecentes foram carregados no caminh\u00e3o em Vilhena, estado de Rond\u00f4nia, mas o destino n\u00e3o foi revelado pelo motorista.<\/p>\n\n\n\n<p>O homem, o ve\u00edculo e a droga ficaram \u00e0 disposi\u00e7\u00e3o da Delegacia da Pol\u00edcia Federal de C\u00e1ceres para as demais medidas legais e investiga\u00e7\u00f5es necess\u00e1rias.<\/p>\n\n\n\n<p>A pris\u00e3o faz parte da \u2018Opera\u00e7\u00e3o Protetor das Fronteiras e Divisas\u2019, em continuidade \u00e0 for\u00e7a tarefa do Gefron, que integra o Ex\u00e9rcito Brasileiro, a Ag\u00eancia Brasileira de Investiga\u00e7\u00e3o (ABIN) e a Pol\u00edcia Federal no combate aos crimes transfronteiri\u00e7os entre Brasil e Bol\u00edvia e outras modalidades de tr\u00e1fico no Estado de Mato Grosso.<\/p>\n\n\n\n<p>A comunidade pode contribuir pelo Disque-den\u00fancia do Gefron: 08006461402 ou contato pelo WhatsApp e liga\u00e7\u00f5es (65) 99668-7655.<\/p>\n\n\n\n<p>Gazeta Digital<\/p>\n","protected":false},"excerpt":{"rendered":"<p>Uma opera\u00e7\u00e3o integrada entre policiais do Grupo Especial de Fronteira (Gefron), da Pol\u00edcia Judici\u00e1ria Civil e da Pol\u00edcia Federal levou a pris\u00e3o de um homem, de 34 anos, que transportava&nbsp;707 tabletes de droga&nbsp;dentro de um caminh\u00e3o c\u00e2mara fria. A pris\u00e3o aconteceu na BR-174, em C\u00e1ceres (a 220 km de Cuiab\u00e1), por volta das 3h da [&hellip;]<\/p>\n","protected":false},"author":2,"featured_media":2698,"comment_status":"closed","ping_status":"closed","sticky":false,"template":"","format":"standard","meta":{"_monsterinsights_skip_tracking":false,"_monsterinsights_sitenote_active":false,"_monsterinsights_sitenote_note":"","_monsterinsights_sitenote_category":0,"footnotes":""},"categories":[1],"tags":[],"_links":{"self":[{"href":"https:\/\/nazarenonews.com.br\/index.php\/wp-json\/wp\/v2\/posts\/2697"}],"collection":[{"href":"https:\/\/nazarenonews.com.br\/index.php\/wp-json\/wp\/v2\/posts"}],"about":[{"href":"https:\/\/nazarenonews.com.br\/index.php\/wp-json\/wp\/v2\/types\/post"}],"author":[{"embeddable":true,"href":"https:\/\/nazarenonews.com.br\/index.php\/wp-json\/wp\/v2\/users\/2"}],"replies":[{"embeddable":true,"href":"https:\/\/nazarenonews.com.br\/index.php\/wp-json\/wp\/v2\/comments?post=2697"}],"version-history":[{"count":1,"href":"https:\/\/nazarenonews.com.br\/index.php\/wp-json\/wp\/v2\/posts\/2697\/revisions"}],"predecessor-version":[{"id":2699,"href":"https:\/\/nazarenonews.com.br\/index.php\/wp-json\/wp\/v2\/posts\/2697\/revisions\/2699"}],"wp:featuredmedia":[{"embeddable":true,"href":"https:\/\/nazarenonews.com.br\/index.php\/wp-json\/wp\/v2\/media\/2698"}],"wp:attachment":[{"href":"https:\/\/nazarenonews.com.br\/index.php\/wp-json\/wp\/v2\/media?parent=2697"}],"wp:term":[{"taxonomy":"category","embeddable":true,"href":"https:\/\/nazarenonews.com.br\/index.php\/wp-json\/wp\/v2\/categories?post=2697"},{"taxonomy":"post_tag","embeddable":true,"href":"https:\/\/nazarenonews.com.br\/index.php\/wp-json\/wp\/v2\/tags?post=2697"}],"curies":[{"name":"wp","href":"https:\/\/api.w.org\/{rel}","templated":true}]}}