{"id":2694,"date":"2024-09-03T07:20:43","date_gmt":"2024-09-03T11:20:43","guid":{"rendered":"https:\/\/nazarenonews.com.br\/?p=2694"},"modified":"2024-09-03T07:20:43","modified_gmt":"2024-09-03T11:20:43","slug":"agosto-foi-o-pior-em-14-anos-e-setembro-ja-inicia-dramatico","status":"publish","type":"post","link":"https:\/\/nazarenonews.com.br\/index.php\/2024\/09\/03\/agosto-foi-o-pior-em-14-anos-e-setembro-ja-inicia-dramatico\/","title":{"rendered":"Agosto foi o pior em 14 anos e setembro j\u00e1 inicia \u2018dram\u00e1tico\u2019"},"content":{"rendered":"\n<p>Com mais de 470 focos de inc\u00eandios registrados diariamente, Mato Grosso teve o pior agosto dos \u00faltimos 14 anos. E setembro come\u00e7a ainda pior. Apenas nos primeiros dois dias, j\u00e1 foram registrados 1.600 focos, ou seja, cerca de 800 por dia. Agosto terminou com 14.617 focos de calor e, sozinho, representou 55% dos focos em todo o Estado este ano, que chegam a 26.480. Em 2010, foram 17.459 focos em agosto. Os dados s\u00e3o do programa BDQueimadas, do Instituto Nacional de Pesquisas Espaciais (Inpe).<\/p>\n\n\n\n<p>Entre as situa\u00e7\u00f5es graves est\u00e1 a regi\u00e3o tur\u00edstica da Chapada dos Guimar\u00e3es, onde o fogo se alastra e cerca de 14 mil hectares foram consumidos pelas chamas.<\/p>\n\n\n\n<p>O Estado lidera o n\u00famero de queimadas no pa\u00eds. Os inc\u00eandios florestais e a seca fizeram o governo de Mato Grosso declarar situa\u00e7\u00e3o de emerg\u00eancia. O decreto publicado \u00e9 v\u00e1lido por 180 dias e tem como precedente os focos de inc\u00eandio, principalmente no Pantanal.<\/p>\n\n\n\n<p>Ainda em rela\u00e7\u00e3o ao pior agosto, se compararmos os dados ao mesmo m\u00eas em 2023, o resultado de 2024 representa aumento de 456%. Em agosto de 2023 foram 2.626 focos.<\/p>\n\n\n\n<p>Os n\u00fameros de agosto ainda s\u00e3o superiores ao acumulado de janeiro a julho deste ano no Estado. O cen\u00e1rio, segundo especialistas, \u00e9 preocupante e reflete o que j\u00e1 vinha sendo alertando desde o in\u00edcio do ano, que 2024 poderia ser pior que 2020, ano em que grandes inc\u00eandios devastaram parte do Pantanal.<\/p>\n\n\n\n<p>Se compararmos ainda agosto de 2024 ao mesmo m\u00eas nos \u00faltimos anos, o n\u00famero de focos chega a ser 40% maior em rela\u00e7\u00e3o ao mesmo m\u00eas em 2020, quando foram 10.430 registros.<\/p>\n\n\n\n<p>Bi\u00f3logo, especialista em fogo, Romildo Gon\u00e7alves explica que com a alta temperatura e baixa umidade, o cen\u00e1rio vai ficar ainda muito mais prop\u00edcio ao fogo. Segundo ele, o pico da seca no Estado fica entre agosto e setembro. Ent\u00e3o, isso significa que, com toda certeza, n\u00f3s temos ainda um per\u00edodo cr\u00edtico no m\u00eas de setembro.<\/p>\n\n\n\n<p>O especialista destaca ainda que at\u00e9 outubro n\u00f3s ainda temos possibilidade de fogo em v\u00e1rias partes do Estado e do pa\u00eds. Est\u00e1 certo que depois do dia 15 de setembro j\u00e1 v\u00eam as primeiras chuvas, em alguns locais, o que j\u00e1 come\u00e7a a amenizar, mas o fogo ainda deve continuar at\u00e9 outubro.<\/p>\n\n\n\n<p>Gazeta Digital <\/p>\n","protected":false},"excerpt":{"rendered":"<p>Com mais de 470 focos de inc\u00eandios registrados diariamente, Mato Grosso teve o pior agosto dos \u00faltimos 14 anos. E setembro come\u00e7a ainda pior. Apenas nos primeiros dois dias, j\u00e1 foram registrados 1.600 focos, ou seja, cerca de 800 por dia. Agosto terminou com 14.617 focos de calor e, sozinho, representou 55% dos focos em [&hellip;]<\/p>\n","protected":false},"author":2,"featured_media":2695,"comment_status":"closed","ping_status":"closed","sticky":false,"template":"","format":"standard","meta":{"_monsterinsights_skip_tracking":false,"_monsterinsights_sitenote_active":false,"_monsterinsights_sitenote_note":"","_monsterinsights_sitenote_category":0,"footnotes":""},"categories":[1],"tags":[],"_links":{"self":[{"href":"https:\/\/nazarenonews.com.br\/index.php\/wp-json\/wp\/v2\/posts\/2694"}],"collection":[{"href":"https:\/\/nazarenonews.com.br\/index.php\/wp-json\/wp\/v2\/posts"}],"about":[{"href":"https:\/\/nazarenonews.com.br\/index.php\/wp-json\/wp\/v2\/types\/post"}],"author":[{"embeddable":true,"href":"https:\/\/nazarenonews.com.br\/index.php\/wp-json\/wp\/v2\/users\/2"}],"replies":[{"embeddable":true,"href":"https:\/\/nazarenonews.com.br\/index.php\/wp-json\/wp\/v2\/comments?post=2694"}],"version-history":[{"count":1,"href":"https:\/\/nazarenonews.com.br\/index.php\/wp-json\/wp\/v2\/posts\/2694\/revisions"}],"predecessor-version":[{"id":2696,"href":"https:\/\/nazarenonews.com.br\/index.php\/wp-json\/wp\/v2\/posts\/2694\/revisions\/2696"}],"wp:featuredmedia":[{"embeddable":true,"href":"https:\/\/nazarenonews.com.br\/index.php\/wp-json\/wp\/v2\/media\/2695"}],"wp:attachment":[{"href":"https:\/\/nazarenonews.com.br\/index.php\/wp-json\/wp\/v2\/media?parent=2694"}],"wp:term":[{"taxonomy":"category","embeddable":true,"href":"https:\/\/nazarenonews.com.br\/index.php\/wp-json\/wp\/v2\/categories?post=2694"},{"taxonomy":"post_tag","embeddable":true,"href":"https:\/\/nazarenonews.com.br\/index.php\/wp-json\/wp\/v2\/tags?post=2694"}],"curies":[{"name":"wp","href":"https:\/\/api.w.org\/{rel}","templated":true}]}}