{"id":2673,"date":"2024-09-02T17:13:49","date_gmt":"2024-09-02T21:13:49","guid":{"rendered":"https:\/\/nazarenonews.com.br\/?p=2673"},"modified":"2024-09-02T17:13:49","modified_gmt":"2024-09-02T21:13:49","slug":"eua-apreende-aviao-de-nicolas-maduro-na-republica-dominicana","status":"publish","type":"post","link":"https:\/\/nazarenonews.com.br\/index.php\/2024\/09\/02\/eua-apreende-aviao-de-nicolas-maduro-na-republica-dominicana\/","title":{"rendered":"EUA apreende avi\u00e3o de Nicol\u00e1s Maduro na Rep\u00fablica Dominicana"},"content":{"rendered":"\n<p>Os\u00a0<a href=\"https:\/\/www.metropoles.com\/tag\/estados-unidos\" target=\"_blank\" rel=\"noreferrer noopener\">Estados Unidos<\/a>\u00a0apreenderam o avi\u00e3o do presidente da Venezuela,\u00a0<a href=\"https:\/\/www.metropoles.com\/tag\/nicolas-maduro\" target=\"_blank\" rel=\"noreferrer noopener\">Nicol\u00e1s Maduro<\/a>, que estava na Republica Dominicana havia pouco mais de um m\u00eas. As autoridades norte-americanas levaram a aeronave para a Fl\u00f3rida nesta segunda-feira (2\/9).<\/p>\n\n\n\n<p>De acordo com os EUA, a aquisi\u00e7\u00e3o do avi\u00e3o violava as san\u00e7\u00f5es impostas \u00e0 Venezuela. A aeronave foi descrita como o equivalente venezuelano do Air Force One, avi\u00e3o que transporta presidentes norte-americanos, e j\u00e1 havia sido fotografada em outras viagens de Maduro pelo mundo.<\/p>\n\n\n\n<p>\u201cIsso manda uma mensagem para o topo. Apreender o avi\u00e3o do chefe de Estado estrangeiro \u00e9 algo in\u00e9dito para quest\u00f5es criminais. Estamos mandando uma mensagem clara aqui de que ningu\u00e9m est\u00e1 acima da lei, ningu\u00e9m est\u00e1 acima do alcance das san\u00e7\u00f5es dos EUA\u201d, disse um dos oficiais dos EUA \u00e0 CNN.<\/p>\n\n\n\n<p>Os Estados Unidos e a&nbsp;<a href=\"https:\/\/www.metropoles.com\/tag\/venezuela\" target=\"_blank\" rel=\"noreferrer noopener\">Venezuela<\/a>&nbsp;enfrentam um longo hist\u00f3rico de embates diplom\u00e1ticos que j\u00e1 resultaram na apreens\u00e3o de dezenas de ve\u00edculos de luxo, entre outros ativos cujo destino era o pa\u00eds administrado por Maduro.<\/p>\n\n\n\n<p>O avi\u00e3o apreendido \u00e9 do modelo Dassault Falcon 900 e \u00e9 estimado em cerca de US$ 13 milh\u00f5es. Diversas autoridades do Departamento de Investiga\u00e7\u00f5es de Seguran\u00e7a Interna, agentes do Com\u00e9rcio, o Bureau de Ind\u00fastria e Seguran\u00e7a e do Departamento de Justi\u00e7a participaram da apreens\u00e3o.<\/p>\n\n\n\n<p>A rela\u00e7\u00e3o entre os pa\u00edses piorou ap\u00f3s as elei\u00e7\u00f5es venezuelanas no dia 28 de julho que reelegeram o presidente Maduro sem apresentar provas do resultado do pleito.<\/p>\n\n\n\n<p>No in\u00edcio do ano, os EUA restabeleceram san\u00e7\u00f5es ao setor de petr\u00f3leo e g\u00e1s da Venezuela em resposta \u00e0 falha do governo Maduro em permitir que \u201cuma elei\u00e7\u00e3o inclusiva e competitiva\u201d ocorresse.<\/p>\n\n\n\n<p>Metr\u00f3poles <\/p>\n","protected":false},"excerpt":{"rendered":"<p>Os\u00a0Estados Unidos\u00a0apreenderam o avi\u00e3o do presidente da Venezuela,\u00a0Nicol\u00e1s Maduro, que estava na Republica Dominicana havia pouco mais de um m\u00eas. As autoridades norte-americanas levaram a aeronave para a Fl\u00f3rida nesta segunda-feira (2\/9). De acordo com os EUA, a aquisi\u00e7\u00e3o do avi\u00e3o violava as san\u00e7\u00f5es impostas \u00e0 Venezuela. A aeronave foi descrita como o equivalente venezuelano [&hellip;]<\/p>\n","protected":false},"author":2,"featured_media":2674,"comment_status":"closed","ping_status":"closed","sticky":false,"template":"","format":"standard","meta":{"_monsterinsights_skip_tracking":false,"_monsterinsights_sitenote_active":false,"_monsterinsights_sitenote_note":"","_monsterinsights_sitenote_category":0,"footnotes":""},"categories":[38,49,1],"tags":[],"_links":{"self":[{"href":"https:\/\/nazarenonews.com.br\/index.php\/wp-json\/wp\/v2\/posts\/2673"}],"collection":[{"href":"https:\/\/nazarenonews.com.br\/index.php\/wp-json\/wp\/v2\/posts"}],"about":[{"href":"https:\/\/nazarenonews.com.br\/index.php\/wp-json\/wp\/v2\/types\/post"}],"author":[{"embeddable":true,"href":"https:\/\/nazarenonews.com.br\/index.php\/wp-json\/wp\/v2\/users\/2"}],"replies":[{"embeddable":true,"href":"https:\/\/nazarenonews.com.br\/index.php\/wp-json\/wp\/v2\/comments?post=2673"}],"version-history":[{"count":1,"href":"https:\/\/nazarenonews.com.br\/index.php\/wp-json\/wp\/v2\/posts\/2673\/revisions"}],"predecessor-version":[{"id":2675,"href":"https:\/\/nazarenonews.com.br\/index.php\/wp-json\/wp\/v2\/posts\/2673\/revisions\/2675"}],"wp:featuredmedia":[{"embeddable":true,"href":"https:\/\/nazarenonews.com.br\/index.php\/wp-json\/wp\/v2\/media\/2674"}],"wp:attachment":[{"href":"https:\/\/nazarenonews.com.br\/index.php\/wp-json\/wp\/v2\/media?parent=2673"}],"wp:term":[{"taxonomy":"category","embeddable":true,"href":"https:\/\/nazarenonews.com.br\/index.php\/wp-json\/wp\/v2\/categories?post=2673"},{"taxonomy":"post_tag","embeddable":true,"href":"https:\/\/nazarenonews.com.br\/index.php\/wp-json\/wp\/v2\/tags?post=2673"}],"curies":[{"name":"wp","href":"https:\/\/api.w.org\/{rel}","templated":true}]}}