{"id":2666,"date":"2024-09-02T17:05:58","date_gmt":"2024-09-02T21:05:58","guid":{"rendered":"https:\/\/nazarenonews.com.br\/?p=2666"},"modified":"2024-09-02T17:05:59","modified_gmt":"2024-09-02T21:05:59","slug":"obras-no-portao-do-inferno-comecarao-em-outubro-estrada-sera-bloqueada-de-segunda-a-sexta","status":"publish","type":"post","link":"https:\/\/nazarenonews.com.br\/index.php\/2024\/09\/02\/obras-no-portao-do-inferno-comecarao-em-outubro-estrada-sera-bloqueada-de-segunda-a-sexta\/","title":{"rendered":"Obras no Port\u00e3o do Inferno come\u00e7ar\u00e3o em outubro; estrada ser\u00e1 bloqueada de segunda a sexta"},"content":{"rendered":"\n<p>As obras de retaludamento no Port\u00e3o do Inferno, na MT-251, Estrada de Chapada dos Guimar\u00e3es, ir\u00e3o come\u00e7ar em outubro. A informa\u00e7\u00e3o foi confirmada pelo secret\u00e1rio estadual de Infraestrutura e Log\u00edstica (Sinfra), Marcelo Oliveira, nesta segunda-feira (02).<\/p>\n\n\n\n<p>O retaludamento consiste na retirada do maci\u00e7o rochoso da curva do Port\u00e3o do Inferno e a cria\u00e7\u00e3o de taludes, uma s\u00e9rie de cortes que funcionam como degraus, para impedir os deslizamentos de terra.<\/p>\n\n\n\n<p>\u201c<em><strong>Estamos agora tirando o licenciamento ambiental do escrit\u00f3rio da empresa [&#8230;] eles est\u00e3o tirando a outorga da \u00e1gua e eu acredito que dentro de 30 dias n\u00f3s vamos ter m\u00e1quinas ali dentro de Chapada<\/strong><\/em>\u201d, disse Marcelo.<\/p>\n\n\n\n<p>\u201c<em><strong>T<\/strong><strong>emos que ter um acompanhamento arqueol\u00f3gico, ent\u00e3o dentro dessa obra de Chapada n\u00f3s temos uma empresa contratada para acompanhar tudo isso, inclusive a parte arqueol\u00f3gica<\/strong><\/em>\u201d, completou.<\/p>\n\n\n\n<p>A MT-251 \u00e9 uma estrada-parque administrada pelo Governo de Mato Grosso. No entanto, todo o seu entorno faz parte do Parque Nacional de Chapada dos Guimar\u00e3es, uma \u00e1rea federal. Justamente por isso, para que o projeto seja iniciado, \u00e9 necess\u00e1rio o aval dos \u00f3rg\u00e3os ambientais federais.<\/p>\n\n\n\n<p><strong>Bloqueio da rodovia<\/strong><\/p>\n\n\n\n<p>Ainda segundo o secret\u00e1rio, assim que as obras come\u00e7arem a estrada ser\u00e1 interditada de segunda a sexta-feira, das 7h \u00e0s 17h. O tr\u00e2nsito s\u00f3 ser\u00e1 liberado das 18h \u00e0s 6h, no sistema pare e siga.<\/p>\n\n\n\n<p>\u201c<em><strong>Durante o final de semana liberado o tr\u00e2nsito, porque as m\u00e1quinas n\u00e3o estar\u00e3o trabalhando<\/strong><\/em>\u201d, explicou Marcelo.<\/p>\n\n\n\n<p>\u201c<em><strong>Teremos monitoramento direto tanto no morro, quanto no viaduto, mas nada que nos traga problemas. Isso \u00e9 s\u00f3 garantia para que d\u00ea certo<\/strong><\/em>\u201d, concluiu.<\/p>\n\n\n\n<p>Rep\u00f3rter MT<\/p>\n","protected":false},"excerpt":{"rendered":"<p>As obras de retaludamento no Port\u00e3o do Inferno, na MT-251, Estrada de Chapada dos Guimar\u00e3es, ir\u00e3o come\u00e7ar em outubro. A informa\u00e7\u00e3o foi confirmada pelo secret\u00e1rio estadual de Infraestrutura e Log\u00edstica (Sinfra), Marcelo Oliveira, nesta segunda-feira (02). O retaludamento consiste na retirada do maci\u00e7o rochoso da curva do Port\u00e3o do Inferno e a cria\u00e7\u00e3o de taludes, [&hellip;]<\/p>\n","protected":false},"author":2,"featured_media":2667,"comment_status":"closed","ping_status":"closed","sticky":false,"template":"","format":"standard","meta":{"_monsterinsights_skip_tracking":false,"_monsterinsights_sitenote_active":false,"_monsterinsights_sitenote_note":"","_monsterinsights_sitenote_category":0,"footnotes":""},"categories":[1],"tags":[],"_links":{"self":[{"href":"https:\/\/nazarenonews.com.br\/index.php\/wp-json\/wp\/v2\/posts\/2666"}],"collection":[{"href":"https:\/\/nazarenonews.com.br\/index.php\/wp-json\/wp\/v2\/posts"}],"about":[{"href":"https:\/\/nazarenonews.com.br\/index.php\/wp-json\/wp\/v2\/types\/post"}],"author":[{"embeddable":true,"href":"https:\/\/nazarenonews.com.br\/index.php\/wp-json\/wp\/v2\/users\/2"}],"replies":[{"embeddable":true,"href":"https:\/\/nazarenonews.com.br\/index.php\/wp-json\/wp\/v2\/comments?post=2666"}],"version-history":[{"count":1,"href":"https:\/\/nazarenonews.com.br\/index.php\/wp-json\/wp\/v2\/posts\/2666\/revisions"}],"predecessor-version":[{"id":2668,"href":"https:\/\/nazarenonews.com.br\/index.php\/wp-json\/wp\/v2\/posts\/2666\/revisions\/2668"}],"wp:featuredmedia":[{"embeddable":true,"href":"https:\/\/nazarenonews.com.br\/index.php\/wp-json\/wp\/v2\/media\/2667"}],"wp:attachment":[{"href":"https:\/\/nazarenonews.com.br\/index.php\/wp-json\/wp\/v2\/media?parent=2666"}],"wp:term":[{"taxonomy":"category","embeddable":true,"href":"https:\/\/nazarenonews.com.br\/index.php\/wp-json\/wp\/v2\/categories?post=2666"},{"taxonomy":"post_tag","embeddable":true,"href":"https:\/\/nazarenonews.com.br\/index.php\/wp-json\/wp\/v2\/tags?post=2666"}],"curies":[{"name":"wp","href":"https:\/\/api.w.org\/{rel}","templated":true}]}}