{"id":2663,"date":"2024-09-02T07:56:12","date_gmt":"2024-09-02T11:56:12","guid":{"rendered":"https:\/\/nazarenonews.com.br\/?p=2663"},"modified":"2024-09-02T07:56:12","modified_gmt":"2024-09-02T11:56:12","slug":"previsao-do-tempo-segunda-feira-2-com-alerta-para-perigo-potencial-de-geada-e-onda-de-calor","status":"publish","type":"post","link":"https:\/\/nazarenonews.com.br\/index.php\/2024\/09\/02\/previsao-do-tempo-segunda-feira-2-com-alerta-para-perigo-potencial-de-geada-e-onda-de-calor\/","title":{"rendered":"PREVIS\u00c3O DO TEMPO: segunda-feira (2) com alerta para perigo potencial de geada e onda de calor"},"content":{"rendered":"\n<p>O Instituto Nacional de Meteorologia (Inmet) alerta para perigo potencial de baixa umidade em todos os estados do Centro-Oeste.&nbsp;<\/p>\n\n\n\n<p>Tamb\u00e9m h\u00e1 alerta para perigo potencial de onda de calor em Goi\u00e1s, Mato Grosso e Mato Grosso do Sul.&nbsp;<\/p>\n\n\n\n<p>A previs\u00e3o do Inmet para setembro \u00e9 de chuvas pr\u00f3ximas ou abaixo da m\u00e9dia. A seca pode ser ben\u00e9fica para a matura\u00e7\u00e3o e colheita de milho e trigo, mas pode prejudicar lavouras de trigo em enchimento de gr\u00e3os, especialmente no Mato Grosso do Sul.<\/p>\n\n\n\n<p><strong>Temperatura m\u00ednima e m\u00e1xima na regi\u00e3o<\/strong><\/p>\n\n\n\n<p>A temperatura m\u00ednima fica em torno de 14\u00b0C, em Tacuru, no Mato Grosso do Sul \u2014 e a m\u00e1xima prevista \u00e9 de 41\u00baC, na cidade de Apiac\u00e1s, no Mato Grosso. A umidade relativa do ar varia entre 15% e 85%.<\/p>\n\n\n\n<p>As informa\u00e7\u00f5es s\u00e3o do Instituto Nacional de Meteorologia.<\/p>\n\n\n\n<p>Fonte: <a href=\"https:\/\/brasil61.com\/n\/previsao-do-tempo-segunda-feira-2-com-alerta-para-perigo-potencial-de-geada-e-onda-de-calor-ptco243797\" target=\"_blank\" rel=\"noreferrer noopener\">Brasil 61<\/a><\/p>\n","protected":false},"excerpt":{"rendered":"<p>O Instituto Nacional de Meteorologia (Inmet) alerta para perigo potencial de baixa umidade em todos os estados do Centro-Oeste.&nbsp; Tamb\u00e9m h\u00e1 alerta para perigo potencial de onda de calor em Goi\u00e1s, Mato Grosso e Mato Grosso do Sul.&nbsp; A previs\u00e3o do Inmet para setembro \u00e9 de chuvas pr\u00f3ximas ou abaixo da m\u00e9dia. A seca pode [&hellip;]<\/p>\n","protected":false},"author":2,"featured_media":2664,"comment_status":"closed","ping_status":"closed","sticky":false,"template":"","format":"standard","meta":{"_monsterinsights_skip_tracking":false,"_monsterinsights_sitenote_active":false,"_monsterinsights_sitenote_note":"","_monsterinsights_sitenote_category":0,"footnotes":""},"categories":[52],"tags":[],"_links":{"self":[{"href":"https:\/\/nazarenonews.com.br\/index.php\/wp-json\/wp\/v2\/posts\/2663"}],"collection":[{"href":"https:\/\/nazarenonews.com.br\/index.php\/wp-json\/wp\/v2\/posts"}],"about":[{"href":"https:\/\/nazarenonews.com.br\/index.php\/wp-json\/wp\/v2\/types\/post"}],"author":[{"embeddable":true,"href":"https:\/\/nazarenonews.com.br\/index.php\/wp-json\/wp\/v2\/users\/2"}],"replies":[{"embeddable":true,"href":"https:\/\/nazarenonews.com.br\/index.php\/wp-json\/wp\/v2\/comments?post=2663"}],"version-history":[{"count":1,"href":"https:\/\/nazarenonews.com.br\/index.php\/wp-json\/wp\/v2\/posts\/2663\/revisions"}],"predecessor-version":[{"id":2665,"href":"https:\/\/nazarenonews.com.br\/index.php\/wp-json\/wp\/v2\/posts\/2663\/revisions\/2665"}],"wp:featuredmedia":[{"embeddable":true,"href":"https:\/\/nazarenonews.com.br\/index.php\/wp-json\/wp\/v2\/media\/2664"}],"wp:attachment":[{"href":"https:\/\/nazarenonews.com.br\/index.php\/wp-json\/wp\/v2\/media?parent=2663"}],"wp:term":[{"taxonomy":"category","embeddable":true,"href":"https:\/\/nazarenonews.com.br\/index.php\/wp-json\/wp\/v2\/categories?post=2663"},{"taxonomy":"post_tag","embeddable":true,"href":"https:\/\/nazarenonews.com.br\/index.php\/wp-json\/wp\/v2\/tags?post=2663"}],"curies":[{"name":"wp","href":"https:\/\/api.w.org\/{rel}","templated":true}]}}