{"id":2654,"date":"2024-09-02T07:48:03","date_gmt":"2024-09-02T11:48:03","guid":{"rendered":"https:\/\/nazarenonews.com.br\/?p=2654"},"modified":"2024-09-02T07:48:04","modified_gmt":"2024-09-02T11:48:04","slug":"primeira-turma-do-stf-tem-2-votos-a-0-para-manter-x-suspenso-no-brasil","status":"publish","type":"post","link":"https:\/\/nazarenonews.com.br\/index.php\/2024\/09\/02\/primeira-turma-do-stf-tem-2-votos-a-0-para-manter-x-suspenso-no-brasil\/","title":{"rendered":"Primeira Turma do STF tem 2 votos a 0 para manter X suspenso no Brasil"},"content":{"rendered":"\n<p>A Primeira Turma do Supremo Tribunal Federal (<a class=\"\" href=\"https:\/\/g1.globo.com\/tudo-sobre\/supremo-tribunal-federal\/\">STF<\/a>)&nbsp;<strong>come\u00e7ou a julgar&nbsp;<\/strong>nesta segunda-feira (2) se mant\u00e9m ou n\u00e3o a decis\u00e3o do ministro&nbsp;<a class=\"\" href=\"https:\/\/g1.globo.com\/tudo-sobre\/alexandre-de-moraes\/\">Alexandre de Moraes<\/a>&nbsp;que&nbsp;<a class=\"\" href=\"https:\/\/g1.globo.com\/tecnologia\/noticia\/2024\/08\/31\/rede-social-x-suspensa-no-brasil.ghtml\">suspendeu o funcionamento do X no Brasil<\/a>.<\/p>\n\n\n\n<p>A an\u00e1lise \u00e9 feita no plen\u00e1rio virtual, e os ministros t\u00eam 24 horas para inserirem seus votos no sistema eletr\u00f4nico da Corte, isto \u00e9, at\u00e9 as 23h59 desta segunda.<\/p>\n\n\n\n<p>A tend\u00eancia \u00e9 a de que a maioria do colegiado confirme o bloqueio. Al\u00e9m de Moraes, que referendou sua decis\u00e3o em plen\u00e1rio virtual logo no in\u00edcio da madrugada, tamb\u00e9m votou a favor da suspens\u00e3o o ministro\u00a0<a class=\"\" href=\"https:\/\/g1.globo.com\/tudo-sobre\/flavio-dino\/\">Fl\u00e1vio Dino<\/a>. Faltam votar\u00a0<a class=\"\" href=\"https:\/\/g1.globo.com\/tudo-sobre\/carmen-lucia\/\">C\u00e1rmen L\u00facia<\/a>,\u00a0<a class=\"\" href=\"https:\/\/g1.globo.com\/tudo-sobre\/luiz-fux\/\">Luiz Fux<\/a>\u00a0e\u00a0<a class=\"\" href=\"https:\/\/g1.globo.com\/tudo-sobre\/cristiano-zanin\/\">Cristiano Zanin<\/a>.<\/p>\n\n\n\n<h2 class=\"wp-block-heading\">Voto de Moraes<\/h2>\n\n\n\n<p>Em seu voto, o ministro Alexandre de Moraes confirmou os termos da decis\u00e3o individual e prop\u00f4s o referendo da suspens\u00e3o do\u00a0<a class=\"\" href=\"https:\/\/g1.globo.com\/tudo-sobre\/x-rede-social\/\">X<\/a>\u00a0e da multa de R$ 50 mil para pessoas e empresas que utilizarem \u201csubterf\u00fagios tecnol\u00f3gicos\u201d para manter o uso da rede social, como o uso de VPN.\u00a0<a class=\"\" href=\"https:\/\/g1.globo.com\/politica\/politico\/noticia\/2024\/08\/31\/oab-pede-que-moraes-reconsidere-decisao-de-multar-usuarios-do-x-por-uso-de-vpn.ghtml\"><strong>A multa foi questionada pela OAB<\/strong><\/a>.<\/p>\n\n\n\n<p><strong>&#8220;Diante de todo o exposto, voto no sentido de referendar a decis\u00e3o no tocante \u00e0 suspens\u00e3o imediata, completa e integral do funcionamento do X Brasil Internet LTDA em territ\u00f3rio nacional, at\u00e9 que todas as ordens judiciais proferidas nos presentes autos sejam cumpridas, as multas devidamente pagas e seja indicado, em ju\u00edzo, a pessoa f\u00edsica ou jur\u00eddica representante em territ\u00f3rio nacional. No caso de pessoa jur\u00eddica, deve ser indicado tamb\u00e9m o seu respons\u00e1vel administrativo&#8221;, diz um trecho do voto de Moraes.<\/strong><\/p>\n\n\n\n<p>Sobre as multas, o ministro vota para que sejam destinadas &#8220;\u00e0s pessoas naturais e jur\u00eddicas que incorrerem em condutas para fraudar a decis\u00e3o judicial, com a utiliza\u00e7\u00e3o de subterf\u00fagios tecnol\u00f3gicos (como, por exemplo, o VPN) para a continuidade de utiliza\u00e7\u00e3o e comunica\u00e7\u00f5es pelo &#8216;X&#8217;, enquanto durar a suspens\u00e3o, sem preju\u00edzo das demais san\u00e7\u00f5es civis e criminais, na forma da lei&#8221;.<\/p>\n\n\n\n<h2 class=\"wp-block-heading\">Dino acompanha voto de Moraes<\/h2>\n\n\n\n<p>No in\u00edcio da manh\u00e3, o ministro\u00a0<a class=\"\" href=\"https:\/\/g1.globo.com\/politica\/politico\/flavio-dino\/\">Fl\u00e1vio Dino<\/a>\u00a0votou e acompanhou a decis\u00e3o de Moraes. Em seu voto, Dino disse que &#8220;o poder econ\u00f4mico e o tamanho da conta banc\u00e1ria n\u00e3o fazem nascer uma esdr\u00faxula imunidade de jurisdi\u00e7\u00e3o&#8221;.<\/p>\n\n\n\n<p><strong>&#8220;A liberdade de express\u00e3o \u00e9 um direito fundamental que est\u00e1 umbilicalmente ligado ao dever de responsabilidade. O primeiro n\u00e3o vive sem o segundo, e vice-versa, em rec\u00edproca limita\u00e7\u00e3o aos contornos de um e de outro&#8221;, continua Dino.<\/strong><\/p>\n\n\n\n<p>O ministro falou ainda que, ao descumprir a decis\u00e3o do Poder Judici\u00e1rio, a empresa &#8220;parece considerar-se acima do imp\u00e9rio da lei&#8221;.<\/p>\n\n\n\n<p>&#8220;Esta seletividade arbitr\u00e1ria amplia a reprovabilidade da conduta empresarial, pois a afasta da esfera do empreendedorismo e a coloca no plano da pura politicagem e demagogia. Diante de tudo isso, \u00e9 poder dever do juiz atuar para garantir a incontrast\u00e1vel for\u00e7a do sistema legal&#8221; diz em outro trecho.<\/p>\n\n\n\n<p><strong>&#8220;Voto para referendar a decis\u00e3o, como proposto pelo relator, sem preju\u00edzo de futuro e imediato reexame \u00e0 vista da eventual corre\u00e7\u00e3o da conduta ilegal da empresa em foco&#8221;, conclui o ministro<\/strong>.<\/p>\n\n\n\n<h2 class=\"wp-block-heading\">Suspens\u00e3o do X<\/h2>\n\n\n\n<p>A restri\u00e7\u00e3o do funcionamento do X no Brasil vale at\u00e9 que a plataforma pague as multas determinadas por descumprimento de ordem judicial e&nbsp;<a class=\"\" href=\"https:\/\/g1.globo.com\/politica\/blog\/valdo-cruz\/post\/2024\/08\/29\/na-falta-de-representante-da-x-no-brasil-stf-bloqueou-recursos-financeiros-da-starlink-de-elon-musk.ghtml\">indique representante legal no pa\u00eds<\/a>.<\/p>\n\n\n\n<p>Desde abril, o bilion\u00e1rio&nbsp;<a class=\"\" href=\"https:\/\/g1.globo.com\/tudo-sobre\/elon-musk\/\">Elon Musk<\/a>, dono do X, tem descumprido v\u00e1rias ordens do ministro Alexandre de Moraes de bloquear contas de investigados pelo STF, acusados de afrontar a democracia e a legisla\u00e7\u00e3o brasileira.<\/p>\n\n\n\n<p>Musk tamb\u00e9m&nbsp;<a class=\"\" href=\"https:\/\/g1.globo.com\/politica\/noticia\/2024\/08\/30\/x-ja-acumula-r-183-milhoes-em-multas-aplicadas-pelo-stf-empresa-teve-r-2-milhoes-bloqueados.ghtml\">n\u00e3o pagou as multas, que somam, at\u00e9 agora, R$ 18,35 milh\u00f5es por descumprir<\/a>&nbsp;ordens judiciais.<\/p>\n\n\n\n<p>O dono do X postou imagens com s\u00e1tiras ao ministro no pr\u00f3prio X e acabou inclu\u00eddo como&nbsp;<a class=\"\" href=\"https:\/\/g1.globo.com\/politica\/noticia\/2024\/04\/07\/apos-ameacas-de-musk-moraes-inclui-bilionario-entre-investigados-e-determina-que-rede-x-nao-desobedeca-ordens-judicias.ghtml\">investigado no inqu\u00e9rito das mil\u00edcias digitais<\/a>, do qual Moraes \u00e9 relator.<\/p>\n\n\n\n<p>A&nbsp;<a class=\"\" href=\"https:\/\/g1.globo.com\/politica\/noticia\/2024\/08\/30\/moraes-suspende-o-x-no-brasil-apos-rede-nao-designar-um-representante-legal-no-pais.ghtml\">suspens\u00e3o do X foi determinada at\u00e9 a rede cumprir ordens judiciais<\/a>, pagar multas e indicar um representante no pa\u00eds.<\/p>\n\n\n\n<p>O&nbsp;<a class=\"\" href=\"https:\/\/g1.globo.com\/tecnologia\/noticia\/2024\/08\/17\/rede-social-x-anuncia-que-vai-fechar-escritorio-no-brasil.ghtml\">X fechou o escrit\u00f3rio no Brasil em 17 de agosto<\/a>, alegando que Moraes amea\u00e7ou prender a ent\u00e3o representante legal da empresa no pa\u00eds.<\/p>\n\n\n\n<h2 class=\"wp-block-heading\">&#8216;Liberdade de express\u00e3o&#8217;<\/h2>\n\n\n\n<p>Na\u00a0<a class=\"\" href=\"https:\/\/g1.globo.com\/politica\/noticia\/2024\/08\/31\/entenda-em-5-pontos-a-decisao-de-moraes-de-bloquear-o-x-e-o-que-acontece-agora.ghtml\">decis\u00e3o desta sexta-feira (30), o ministro disse que, quando intimada, a referida plataforma incorreu em desobedi\u00eancia judicial<\/a>\u00a0e resolveu, criminosamente, divulgar mensagem incitando o \u00f3dio contra a Suprema Corte.<\/p>\n\n\n\n<p>Moraes afirmou ainda que Elon Musk confunde liberdade de express\u00e3o com uma inexistente liberdade de agress\u00e3o e confunde deliberadamente censura com proibi\u00e7\u00e3o constitucional do discurso de \u00f3dio e de incita\u00e7\u00e3o a atos antidemocr\u00e1ticos.<\/p>\n\n\n\n<p>O ministro disse ainda que &#8220;a instrumentaliza\u00e7\u00e3o criminosa de diversas redes sociais, em especial a rede X, tamb\u00e9m vem sendo investigada em outros pa\u00edses\u201d. E citou um trecho do parecer do Procurador-geral Paulo Gonet, que concordou com a decis\u00e3o de suspender o X.<\/p>\n\n\n\n<p>G1-MT<\/p>\n\n\n\n<p><\/p>\n\n\n\n<p><\/p>\n","protected":false},"excerpt":{"rendered":"<p>A Primeira Turma do Supremo Tribunal Federal (STF)&nbsp;come\u00e7ou a julgar&nbsp;nesta segunda-feira (2) se mant\u00e9m ou n\u00e3o a decis\u00e3o do ministro&nbsp;Alexandre de Moraes&nbsp;que&nbsp;suspendeu o funcionamento do X no Brasil. A an\u00e1lise \u00e9 feita no plen\u00e1rio virtual, e os ministros t\u00eam 24 horas para inserirem seus votos no sistema eletr\u00f4nico da Corte, isto \u00e9, at\u00e9 as 23h59 [&hellip;]<\/p>\n","protected":false},"author":2,"featured_media":2655,"comment_status":"closed","ping_status":"closed","sticky":false,"template":"","format":"standard","meta":{"_monsterinsights_skip_tracking":false,"_monsterinsights_sitenote_active":false,"_monsterinsights_sitenote_note":"","_monsterinsights_sitenote_category":0,"footnotes":""},"categories":[37,50,1],"tags":[],"_links":{"self":[{"href":"https:\/\/nazarenonews.com.br\/index.php\/wp-json\/wp\/v2\/posts\/2654"}],"collection":[{"href":"https:\/\/nazarenonews.com.br\/index.php\/wp-json\/wp\/v2\/posts"}],"about":[{"href":"https:\/\/nazarenonews.com.br\/index.php\/wp-json\/wp\/v2\/types\/post"}],"author":[{"embeddable":true,"href":"https:\/\/nazarenonews.com.br\/index.php\/wp-json\/wp\/v2\/users\/2"}],"replies":[{"embeddable":true,"href":"https:\/\/nazarenonews.com.br\/index.php\/wp-json\/wp\/v2\/comments?post=2654"}],"version-history":[{"count":1,"href":"https:\/\/nazarenonews.com.br\/index.php\/wp-json\/wp\/v2\/posts\/2654\/revisions"}],"predecessor-version":[{"id":2656,"href":"https:\/\/nazarenonews.com.br\/index.php\/wp-json\/wp\/v2\/posts\/2654\/revisions\/2656"}],"wp:featuredmedia":[{"embeddable":true,"href":"https:\/\/nazarenonews.com.br\/index.php\/wp-json\/wp\/v2\/media\/2655"}],"wp:attachment":[{"href":"https:\/\/nazarenonews.com.br\/index.php\/wp-json\/wp\/v2\/media?parent=2654"}],"wp:term":[{"taxonomy":"category","embeddable":true,"href":"https:\/\/nazarenonews.com.br\/index.php\/wp-json\/wp\/v2\/categories?post=2654"},{"taxonomy":"post_tag","embeddable":true,"href":"https:\/\/nazarenonews.com.br\/index.php\/wp-json\/wp\/v2\/tags?post=2654"}],"curies":[{"name":"wp","href":"https:\/\/api.w.org\/{rel}","templated":true}]}}