{"id":2646,"date":"2024-09-01T15:16:18","date_gmt":"2024-09-01T19:16:18","guid":{"rendered":"https:\/\/nazarenonews.com.br\/?p=2646"},"modified":"2024-09-01T15:18:46","modified_gmt":"2024-09-01T19:18:46","slug":"iead-cuiaba-celebra-o-aniversario-da-irma-maria-aparecida-polegati","status":"publish","type":"post","link":"https:\/\/nazarenonews.com.br\/index.php\/2024\/09\/01\/iead-cuiaba-celebra-o-aniversario-da-irma-maria-aparecida-polegati\/","title":{"rendered":"IEAD Cuiab\u00e1 celebra o anivers\u00e1rio da Irm\u00e3 Maria Aparecida Polegati"},"content":{"rendered":"\n<p>Celebra\u00e7\u00e3o de Culto de A\u00e7\u00e3o de Gra\u00e7as pelo Anivers\u00e1rio da Irm\u00e3 Maria Aparecida Polegati de Souza<\/p>\n\n\n\n<p>No \u00faltimo dia do m\u00eas de agosto, dia 31, a Igreja Evang\u00e9lica Assembleia de Deus de Cuiab\u00e1 e Regi\u00e3o se reuniu no Grande Templo para celebrar, com grande alegria, o anivers\u00e1rio da irm\u00e3 Maria Aparecida Polegati de Souza, carinhosamente conhecida como irm\u00e3 Cidinha, esposa do nosso Pastor Presidente, Pr. Silas Paulo de Souza.<\/p>\n\n\n\n<p>Durante o culto de a\u00e7\u00e3o de gra\u00e7as, o Pastor Silas, em um momento de profunda gratid\u00e3o e carinho, compartilhou as palavras das Escrituras: \u201cO Senhor te aben\u00e7oe e te guarde; o Senhor fa\u00e7a resplandecer o seu rosto sobre ti e te conceda gra\u00e7a; o Senhor volte para ti o seu rosto e te d\u00ea paz\u201d &#8211; N\u00fameros 6:24-26.<\/p>\n\n\n\n<p>Em nome do Pastor Silas e de toda a Igreja Assembleia de Deus em Cuiab\u00e1 e Regi\u00e3o, expressamos nosso mais profundo carinho e gratid\u00e3o pela vida dessa mulher t\u00e3o valorosa. As palavras s\u00e3o insuficientes para descrever o quanto somos aben\u00e7oados por sua presen\u00e7a e pelo minist\u00e9rio que ela realiza ao lado do Pastor Silas.<\/p>\n\n\n\n<p>Toda a Igreja de Cuiab\u00e1 e Regi\u00e3o agradece a Deus pela vida da irm\u00e3 Maria Aparecida Polegati de Souza. Que Deus continue a aben\u00e7o\u00e1-la abundantemente, fortalecendo-a com sa\u00fade, gra\u00e7a e paz. Que a sua vida continue a ser uma fonte de inspira\u00e7\u00e3o e b\u00ean\u00e7\u00e3o para todos ao seu redor.<\/p>\n\n\n\n<p><strong>Parab\u00e9ns, irm\u00e3 Cidinha!<\/strong> Que as b\u00ean\u00e7\u00e3os do Senhor estejam sempre sobre voc\u00ea<\/p>\n\n\n\n<p><strong>Parab\u00e9ns, irm\u00e3 Cidinha!<\/strong><\/p>\n\n\n\n<p>A <strong>USADECRE<\/strong> (Uni\u00e3o de Senhoras das Assembleias de Deus de Cuiab\u00e1 e Regi\u00e3o) organizou com grande carinho a comemora\u00e7\u00e3o deste dia t\u00e3o especial. Agradecemos a Deus pela vida da irm\u00e3 Cidinha, sua fam\u00edlia, e por cada irm\u00e3 e irm\u00e3o que se dedicaram para fazer desta celebra\u00e7\u00e3o um momento inesquec\u00edvel.<\/p>\n\n\n\n<p>Queremos tamb\u00e9m, em nome da Igreja Assembleia de Deus de Cuiab\u00e1 e Regi\u00e3o, reiterar nossas felicita\u00e7\u00f5es \u00e0 irm\u00e3 Maria Aparecida (Cidinha), pela passagem de seu anivers\u00e1rio. Que o Senhor continue a aben\u00e7o\u00e1-la abundantemente em todos os aspectos de sua vida.<\/p>\n\n\n\n<p><strong>FELICITA\u00c7\u00d5ES<\/strong><\/p>\n\n\n\n<p>A <strong>COMADEMAT<\/strong>, na pessoa do seu presidente, <strong>Pr. Jo\u00e3o Agripino de Fran\u00e7a<\/strong>, tamb\u00e9m parabeniza a irm\u00e3 Maria Aparecida de Souza (Irm\u00e3 Cidinha) por seu anivers\u00e1rio. Que Deus lhe conceda sa\u00fade, prosperidade, e muitas b\u00ean\u00e7\u00e3os.<\/p>\n\n\n\n<p>Somos gratos a Deus pela vida da irm\u00e3 Cidinha e sua fam\u00edlia. Que o Senhor continue a derramar Suas b\u00ean\u00e7\u00e3os sobre todos.<\/p>\n\n\n\n<p>&#8220;Em breve mais informa\u00e7\u00f5es&#8221;<\/p>\n\n\n\n<p>Jornalista: Jobilei Gonzaga <\/p>\n","protected":false},"excerpt":{"rendered":"<p>Celebra\u00e7\u00e3o de Culto de A\u00e7\u00e3o de Gra\u00e7as pelo Anivers\u00e1rio da Irm\u00e3 Maria Aparecida Polegati de Souza No \u00faltimo dia do m\u00eas de agosto, dia 31, a Igreja Evang\u00e9lica Assembleia de Deus de Cuiab\u00e1 e Regi\u00e3o se reuniu no Grande Templo para celebrar, com grande alegria, o anivers\u00e1rio da irm\u00e3 Maria Aparecida Polegati de Souza, carinhosamente [&hellip;]<\/p>\n","protected":false},"author":2,"featured_media":2647,"comment_status":"closed","ping_status":"closed","sticky":false,"template":"","format":"standard","meta":{"_monsterinsights_skip_tracking":false,"_monsterinsights_sitenote_active":false,"_monsterinsights_sitenote_note":"","_monsterinsights_sitenote_category":0,"footnotes":""},"categories":[53,44],"tags":[],"_links":{"self":[{"href":"https:\/\/nazarenonews.com.br\/index.php\/wp-json\/wp\/v2\/posts\/2646"}],"collection":[{"href":"https:\/\/nazarenonews.com.br\/index.php\/wp-json\/wp\/v2\/posts"}],"about":[{"href":"https:\/\/nazarenonews.com.br\/index.php\/wp-json\/wp\/v2\/types\/post"}],"author":[{"embeddable":true,"href":"https:\/\/nazarenonews.com.br\/index.php\/wp-json\/wp\/v2\/users\/2"}],"replies":[{"embeddable":true,"href":"https:\/\/nazarenonews.com.br\/index.php\/wp-json\/wp\/v2\/comments?post=2646"}],"version-history":[{"count":3,"href":"https:\/\/nazarenonews.com.br\/index.php\/wp-json\/wp\/v2\/posts\/2646\/revisions"}],"predecessor-version":[{"id":2650,"href":"https:\/\/nazarenonews.com.br\/index.php\/wp-json\/wp\/v2\/posts\/2646\/revisions\/2650"}],"wp:featuredmedia":[{"embeddable":true,"href":"https:\/\/nazarenonews.com.br\/index.php\/wp-json\/wp\/v2\/media\/2647"}],"wp:attachment":[{"href":"https:\/\/nazarenonews.com.br\/index.php\/wp-json\/wp\/v2\/media?parent=2646"}],"wp:term":[{"taxonomy":"category","embeddable":true,"href":"https:\/\/nazarenonews.com.br\/index.php\/wp-json\/wp\/v2\/categories?post=2646"},{"taxonomy":"post_tag","embeddable":true,"href":"https:\/\/nazarenonews.com.br\/index.php\/wp-json\/wp\/v2\/tags?post=2646"}],"curies":[{"name":"wp","href":"https:\/\/api.w.org\/{rel}","templated":true}]}}