{"id":2640,"date":"2024-09-01T10:54:56","date_gmt":"2024-09-01T14:54:56","guid":{"rendered":"https:\/\/nazarenonews.com.br\/?p=2640"},"modified":"2024-09-03T09:37:00","modified_gmt":"2024-09-03T13:37:00","slug":"culto-em-acoes-de-gracas-pelos-90-anos-do-pastor-jose-wellington","status":"publish","type":"post","link":"https:\/\/nazarenonews.com.br\/index.php\/2024\/09\/01\/culto-em-acoes-de-gracas-pelos-90-anos-do-pastor-jose-wellington\/","title":{"rendered":"Culto em A\u00e7\u00f5es de Gra\u00e7as pelos 90 anos do pastor Jos\u00e9 Wellington"},"content":{"rendered":"\n<p>No pr\u00f3ximo dia 7 de outubro, o pastor Jos\u00e9 Wellington, presidente de honra da Conven\u00e7\u00e3o Geral das Assembleias de Deus do Brasil (CGADB), ir\u00e1 celebrar os seus 90 anos de vida, com um culto em A\u00e7\u00f5es de Gra\u00e7as.<\/p>\n\n\n\n<p>O pastor convida a todos os pastores e membros da Assembleia de Deus no Brasil e suas respectivas fam\u00edlias para a celebra\u00e7\u00e3o especial, que ir\u00e1 acontecer \u00e0s 18h, na sede Minist\u00e9rio do Bel\u00e9m em S\u00e3o Paulo (SP), localizada na Rua Doutor Fomm, n\u00ba 140.<\/p>\n\n\n\n<p><em>Com informa\u00e7\u00f5es CGADB<\/em><\/p>\n","protected":false},"excerpt":{"rendered":"<p>No pr\u00f3ximo dia 7 de outubro, o pastor Jos\u00e9 Wellington, presidente de honra da Conven\u00e7\u00e3o Geral das Assembleias de Deus do Brasil (CGADB), ir\u00e1 celebrar os seus 90 anos de vida, com um culto em A\u00e7\u00f5es de Gra\u00e7as. O pastor convida a todos os pastores e membros da Assembleia de Deus no Brasil e suas [&hellip;]<\/p>\n","protected":false},"author":2,"featured_media":2641,"comment_status":"closed","ping_status":"closed","sticky":false,"template":"","format":"standard","meta":{"_monsterinsights_skip_tracking":false,"_monsterinsights_sitenote_active":false,"_monsterinsights_sitenote_note":"","_monsterinsights_sitenote_category":0,"footnotes":""},"categories":[53,44],"tags":[],"_links":{"self":[{"href":"https:\/\/nazarenonews.com.br\/index.php\/wp-json\/wp\/v2\/posts\/2640"}],"collection":[{"href":"https:\/\/nazarenonews.com.br\/index.php\/wp-json\/wp\/v2\/posts"}],"about":[{"href":"https:\/\/nazarenonews.com.br\/index.php\/wp-json\/wp\/v2\/types\/post"}],"author":[{"embeddable":true,"href":"https:\/\/nazarenonews.com.br\/index.php\/wp-json\/wp\/v2\/users\/2"}],"replies":[{"embeddable":true,"href":"https:\/\/nazarenonews.com.br\/index.php\/wp-json\/wp\/v2\/comments?post=2640"}],"version-history":[{"count":2,"href":"https:\/\/nazarenonews.com.br\/index.php\/wp-json\/wp\/v2\/posts\/2640\/revisions"}],"predecessor-version":[{"id":2703,"href":"https:\/\/nazarenonews.com.br\/index.php\/wp-json\/wp\/v2\/posts\/2640\/revisions\/2703"}],"wp:featuredmedia":[{"embeddable":true,"href":"https:\/\/nazarenonews.com.br\/index.php\/wp-json\/wp\/v2\/media\/2641"}],"wp:attachment":[{"href":"https:\/\/nazarenonews.com.br\/index.php\/wp-json\/wp\/v2\/media?parent=2640"}],"wp:term":[{"taxonomy":"category","embeddable":true,"href":"https:\/\/nazarenonews.com.br\/index.php\/wp-json\/wp\/v2\/categories?post=2640"},{"taxonomy":"post_tag","embeddable":true,"href":"https:\/\/nazarenonews.com.br\/index.php\/wp-json\/wp\/v2\/tags?post=2640"}],"curies":[{"name":"wp","href":"https:\/\/api.w.org\/{rel}","templated":true}]}}