{"id":2628,"date":"2024-08-31T14:24:46","date_gmt":"2024-08-31T18:24:46","guid":{"rendered":"https:\/\/nazarenonews.com.br\/?p=2628"},"modified":"2024-08-31T14:29:30","modified_gmt":"2024-08-31T18:29:30","slug":"previsao-do-tempo-sabado-31-com-alerta-para-baixa-umidade-e-onda-de-calor-no-centro-oeste","status":"publish","type":"post","link":"https:\/\/nazarenonews.com.br\/index.php\/2024\/08\/31\/previsao-do-tempo-sabado-31-com-alerta-para-baixa-umidade-e-onda-de-calor-no-centro-oeste\/","title":{"rendered":"PREVIS\u00c3O DO TEMPO: s\u00e1bado (31) com alerta para baixa umidade e onda de calor no Centro-Oeste"},"content":{"rendered":"\n<p>O Instituto Nacional de Meteorologia (Inmet) alerta para perigo potencial de baixa umidade em todos os estados do Centro-Oeste, atingindo cidades como &nbsp;Bras\u00edlia (DF), Goi\u00e2nia (GO), Cuiab\u00e1 (MT) e Campo Grande (MS).<\/p>\n\n\n\n<p>Tamb\u00e9m h\u00e1 alerta para perigo potencial de onda de calor em Mato Grosso, Mato Grosso do Sul e Goi\u00e1s.<\/p>\n\n\n\n<p><strong>Confira agora a previs\u00e3o do tempo no seu estado.&nbsp;<\/strong><\/p>\n\n\n\n<p><strong>Distrito Federal<\/strong><\/p>\n\n\n\n<p>A previs\u00e3o para este s\u00e1bado (31) \u00e9 de poucas nuvens no Distrito Federal.<\/p>\n\n\n\n<p><strong>Goi\u00e1s<\/strong><\/p>\n\n\n\n<p>A previs\u00e3o \u00e9 de poucas nuvens em todo o estado de Goi\u00e1s.&nbsp;<\/p>\n\n\n\n<p><strong>Mato Grosso<\/strong><\/p>\n\n\n\n<p>A previs\u00e3o \u00e9 de poucas nuvens e sem chuvas em todo o Mato Grosso.<\/p>\n\n\n\n<p><strong>Mato Grosso do Sul<\/strong><\/p>\n\n\n\n<p>A previs\u00e3o para este s\u00e1bado (31) \u00e9 de poucas nuvens em todo o Mato Grosso do Sul.&nbsp;<\/p>\n\n\n\n<p><strong>Temperatura m\u00ednima e m\u00e1xima na regi\u00e3o<\/strong><\/p>\n\n\n\n<p>A temperatura m\u00ednima fica em torno de 13\u00b0C, em Luzi\u00e2nia, em Goi\u00e1s \u2014 e a m\u00e1xima prevista \u00e9 de 41\u00baC, na cidade de Apiac\u00e1s, no Mato Grosso. A umidade relativa do ar varia entre 15% e 65%.<\/p>\n\n\n\n<p>As informa\u00e7\u00f5es s\u00e3o do Instituto Nacional de Meteorologia.<\/p>\n\n\n\n<p>Fonte: <a href=\"https:\/\/brasil61.com\/n\/previsao-do-tempo-sabado-31-com-alerta-para-baixa-umidade-e-onda-de-calor-no-centro-oeste-ptco243795\" target=\"_blank\" rel=\"noreferrer noopener\">Brasil 61<\/a><\/p>\n","protected":false},"excerpt":{"rendered":"<p>O Instituto Nacional de Meteorologia (Inmet) alerta para perigo potencial de baixa umidade em todos os estados do Centro-Oeste, atingindo cidades como &nbsp;Bras\u00edlia (DF), Goi\u00e2nia (GO), Cuiab\u00e1 (MT) e Campo Grande (MS). Tamb\u00e9m h\u00e1 alerta para perigo potencial de onda de calor em Mato Grosso, Mato Grosso do Sul e Goi\u00e1s. Confira agora a previs\u00e3o [&hellip;]<\/p>\n","protected":false},"author":2,"featured_media":1599,"comment_status":"closed","ping_status":"closed","sticky":false,"template":"","format":"standard","meta":{"_monsterinsights_skip_tracking":false,"_monsterinsights_sitenote_active":false,"_monsterinsights_sitenote_note":"","_monsterinsights_sitenote_category":0,"footnotes":""},"categories":[52],"tags":[],"_links":{"self":[{"href":"https:\/\/nazarenonews.com.br\/index.php\/wp-json\/wp\/v2\/posts\/2628"}],"collection":[{"href":"https:\/\/nazarenonews.com.br\/index.php\/wp-json\/wp\/v2\/posts"}],"about":[{"href":"https:\/\/nazarenonews.com.br\/index.php\/wp-json\/wp\/v2\/types\/post"}],"author":[{"embeddable":true,"href":"https:\/\/nazarenonews.com.br\/index.php\/wp-json\/wp\/v2\/users\/2"}],"replies":[{"embeddable":true,"href":"https:\/\/nazarenonews.com.br\/index.php\/wp-json\/wp\/v2\/comments?post=2628"}],"version-history":[{"count":1,"href":"https:\/\/nazarenonews.com.br\/index.php\/wp-json\/wp\/v2\/posts\/2628\/revisions"}],"predecessor-version":[{"id":2629,"href":"https:\/\/nazarenonews.com.br\/index.php\/wp-json\/wp\/v2\/posts\/2628\/revisions\/2629"}],"wp:featuredmedia":[{"embeddable":true,"href":"https:\/\/nazarenonews.com.br\/index.php\/wp-json\/wp\/v2\/media\/1599"}],"wp:attachment":[{"href":"https:\/\/nazarenonews.com.br\/index.php\/wp-json\/wp\/v2\/media?parent=2628"}],"wp:term":[{"taxonomy":"category","embeddable":true,"href":"https:\/\/nazarenonews.com.br\/index.php\/wp-json\/wp\/v2\/categories?post=2628"},{"taxonomy":"post_tag","embeddable":true,"href":"https:\/\/nazarenonews.com.br\/index.php\/wp-json\/wp\/v2\/tags?post=2628"}],"curies":[{"name":"wp","href":"https:\/\/api.w.org\/{rel}","templated":true}]}}