{"id":2625,"date":"2024-08-31T14:19:09","date_gmt":"2024-08-31T18:19:09","guid":{"rendered":"https:\/\/nazarenonews.com.br\/?p=2625"},"modified":"2024-08-31T14:19:09","modified_gmt":"2024-08-31T18:19:09","slug":"oab-pede-que-moraes-reconsidere-decisao-de-multar-usuarios-do-x-por-utilizarem-vpn","status":"publish","type":"post","link":"https:\/\/nazarenonews.com.br\/index.php\/2024\/08\/31\/oab-pede-que-moraes-reconsidere-decisao-de-multar-usuarios-do-x-por-utilizarem-vpn\/","title":{"rendered":"OAB pede que Moraes reconsidere decis\u00e3o de multar usu\u00e1rios do X por utilizarem VPN"},"content":{"rendered":"\n<p>O Conselho Federal da&nbsp;<a class=\"\" href=\"https:\/\/g1.globo.com\/tudo-sobre\/oab\/\">Ordem dos Advogados do Brasil<\/a>&nbsp;(CFOAB) pediu neste s\u00e1bado (31) ao ministro do Supremo Tribunal Federal (<a class=\"\" href=\"https:\/\/g1.globo.com\/tudo-sobre\/supremo-tribunal-federal\/\">STF<\/a>)&nbsp;<a class=\"\" href=\"https:\/\/g1.globo.com\/tudo-sobre\/alexandre-de-moraes\/\">Alexandre de Moraes<\/a>&nbsp;que&nbsp;<strong>reconsidere a decis\u00e3o de multar usu\u00e1rios por usarem o VPN&nbsp;<\/strong>para acessar o&nbsp;<a class=\"\" href=\"https:\/\/g1.globo.com\/tudo-sobre\/x-rede-social\/\">X<\/a>, suspenso no Brasil.<\/p>\n\n\n\n<p>Nesta sexta (30), Moraes\u00a0<a class=\"\" href=\"https:\/\/g1.globo.com\/politica\/noticia\/2024\/08\/30\/moraes-suspende-o-x-no-brasil-apos-rede-nao-designar-um-representante-legal-no-pais.ghtml\">mandou suspender\u00a0<\/a>a rede em territ\u00f3rio nacional ap\u00f3s a plataforma n\u00e3o designar um<a class=\"\" href=\"https:\/\/g1.globo.com\/politica\/noticia\/2023\/05\/26\/moraes-determina-que-telegram-indique-representante-da-empresa-no-pais.ghtml\">\u00a0representante legal no pa\u00eds<\/a>. Moraes tamb\u00e9m fixou\u00a0<a class=\"\" href=\"https:\/\/g1.globo.com\/politica\/noticia\/2024\/08\/30\/em-decisao-que-bloqueou-o-x-no-brasil-moraes-tambem-proibiu-o-acesso-a-rede-social-por-vpn.ghtml\">multa di\u00e1ria de R$ 50 mil para quem tentar contornar a decis\u00e3o<\/a>\u00a0baixando aplicativos que permitem o uso de VPN (virtual private network).<\/p>\n\n\n\n<p><strong>&#8220;A aplica\u00e7\u00e3o da multa di\u00e1ria no valor de R$ 50 mil \u00e0s pessoas naturais e jur\u00eddicas de forma ampla e generalizada representa grave afronta aos direitos fundamentais consagrados na Constitui\u00e7\u00e3o Federal&#8221;, diz o pedido encaminhado ao ministro.<\/strong><\/p>\n\n\n\n<p>Uma VPN, ou Rede Virtual Privada, \u00e9 uma tecnologia que cria uma conex\u00e3o segura e criptografada entre o dispositivo de um usu\u00e1rio e a internet.<\/p>\n\n\n\n<p>Isso permite que os usu\u00e1rios naveguem na web de forma mais segura e privada,&nbsp;<strong>escondendo sua atividade de navega\u00e7\u00e3o de terceiros,<\/strong>&nbsp;como provedores de internet, hackers, ou qualquer entidade que possa tentar monitorar suas a\u00e7\u00f5es online.<\/p>\n\n\n\n<p>Segundo CFOAB, a decis\u00e3o do ministro&nbsp;<strong>viola o princ\u00edpio da legalidade e do direito fundamental ao devido processo legal.<\/strong><\/p>\n\n\n\n<p>&#8220;O princ\u00edpio do devido processo legal garante a todos o direito de serem tratados de forma justa e equitativa em qualquer procedimento que possa resultar em san\u00e7\u00e3o. A imposi\u00e7\u00e3o de multas, por si s\u00f3, configura uma san\u00e7\u00e3o e, portanto, deve sempre estar amparada em um processo legal que assegure ao indiv\u00edduo o direito \u00e0 ampla defesa, ao contradit\u00f3rio e \u00e0 total compreens\u00e3o da motiva\u00e7\u00e3o da decis\u00e3o condenat\u00f3ria&#8221;, afirma outro trecho do pedido da OAB.<\/p>\n\n\n\n<p>O documento, assinado por 32 advogados, destaca que a Moraes promoveu uma &#8220;proibi\u00e7\u00e3o gen\u00e9rica e indeterminada&#8221; e que o enquadramento de uma conduta como um ato il\u00edcito, al\u00e9m da aplica\u00e7\u00e3o de multa devem estar claramente previstas em lei. &#8220;Uma decis\u00e3o judicial n\u00e3o pode criar um ato il\u00edcito e nem prever a puni\u00e7\u00e3o correspondente&#8221;, argumenta o texto.<\/p>\n\n\n\n<p>Em seguida, o Conselho pede que Moraes reconsidere parte da decis\u00e3o.<\/p>\n\n\n\n<p>&#8220;Frente \u00e0 relev\u00e2ncia das quest\u00f5es em an\u00e1lise nos presentes autos, o Conselho Federal da OAB requer a reconsidera\u00e7\u00e3o ou o esclarecimento do trecho da decis\u00e3o que determina a aplica\u00e7\u00e3o de multa de R$ 50 mil a todas as pessoas f\u00edsicas e jur\u00eddicas do pa\u00eds que usarem VPN ou outros mecanismos para acessar a plataforma X, tamb\u00e9m conhecida como Twitter, na medida em que a aplica\u00e7\u00e3o de multa ou de qualquer outra san\u00e7\u00e3o de forma gen\u00e9rica e abstrata revela-se medida desarrazoada e desproporcional&#8221;, afirma.<\/p>\n\n\n\n<p>No pedido, a CFOAB ressalta ainda que a decis\u00e3o de Moraes\u00a0<strong>tem potencial de atingir um n\u00famero indeterminado de pessoas que n\u00e3o figuram como parte no processo\u00a0<\/strong>e que, por isso, n\u00e3o podem ser diretamente responsabilizadas nem sofrer san\u00e7\u00f5es sem o devido processo legal, o contradit\u00f3rio e a ampla defesa.<\/p>\n\n\n\n<h2 class=\"wp-block-heading\">A decis\u00e3o de Moraes<\/h2>\n\n\n\n<p>A&nbsp;<a class=\"\" href=\"https:\/\/g1.globo.com\/politica\/noticia\/2024\/08\/30\/moraes-suspende-o-x-no-brasil-apos-rede-nao-designar-um-representante-legal-no-pais.ghtml\">decis\u00e3o de bloquear o X no Brasil&nbsp;<\/a>foi tomada ap\u00f3s a plataforma&nbsp;<a class=\"\" href=\"https:\/\/g1.globo.com\/politica\/noticia\/2024\/08\/29\/acaba-o-prazo-dado-por-moraes-para-o-x-definir-um-representante-no-brasil.ghtml\">n\u00e3o cumprir uma ordem judicial de designar um representante legal no pa\u00eds<\/a>. Moraes havia dado um prazo de 24 horas para que o X atendesse \u00e0 determina\u00e7\u00e3o, que expirou na noite de quinta-feira (29).<\/p>\n\n\n\n<p>A empresa, no entanto, declarou que&nbsp;<strong>n\u00e3o obedeceria o que chamou de &#8220;ordem ilegal&#8221;.&nbsp;<\/strong>Moraes justificou a suspens\u00e3o da rede social argumentando que o X estava sendo usado para promover discursos de \u00f3dio, racistas e antidemocr\u00e1ticos, al\u00e9m de interferir nas elei\u00e7\u00f5es municipais de 2024.<\/p>\n\n\n\n<p>Segundo o ministro, a demora da plataforma em cumprir as determina\u00e7\u00f5es judiciais aumentava o dano social, justificando a necessidade de medidas mais dr\u00e1sticas para preservar a ordem e a seguran\u00e7a no ambiente digital brasileiro.<\/p>\n\n\n\n<p>Em sua decis\u00e3o, Moraes destacou que o bilion\u00e1rio Elon Musk, dono do X, tem demonstrado desrespeito pelas leis brasileiras e tentado se posicionar como um &#8220;ente supranacional&#8221;, ignorando as legisla\u00e7\u00f5es locais.<\/p>\n\n\n\n<p>G1-MT<\/p>\n","protected":false},"excerpt":{"rendered":"<p>O Conselho Federal da&nbsp;Ordem dos Advogados do Brasil&nbsp;(CFOAB) pediu neste s\u00e1bado (31) ao ministro do Supremo Tribunal Federal (STF)&nbsp;Alexandre de Moraes&nbsp;que&nbsp;reconsidere a decis\u00e3o de multar usu\u00e1rios por usarem o VPN&nbsp;para acessar o&nbsp;X, suspenso no Brasil. Nesta sexta (30), Moraes\u00a0mandou suspender\u00a0a rede em territ\u00f3rio nacional ap\u00f3s a plataforma n\u00e3o designar um\u00a0representante legal no pa\u00eds. Moraes tamb\u00e9m [&hellip;]<\/p>\n","protected":false},"author":2,"featured_media":2626,"comment_status":"closed","ping_status":"closed","sticky":false,"template":"","format":"standard","meta":{"_monsterinsights_skip_tracking":false,"_monsterinsights_sitenote_active":false,"_monsterinsights_sitenote_note":"","_monsterinsights_sitenote_category":0,"footnotes":""},"categories":[50,1],"tags":[],"_links":{"self":[{"href":"https:\/\/nazarenonews.com.br\/index.php\/wp-json\/wp\/v2\/posts\/2625"}],"collection":[{"href":"https:\/\/nazarenonews.com.br\/index.php\/wp-json\/wp\/v2\/posts"}],"about":[{"href":"https:\/\/nazarenonews.com.br\/index.php\/wp-json\/wp\/v2\/types\/post"}],"author":[{"embeddable":true,"href":"https:\/\/nazarenonews.com.br\/index.php\/wp-json\/wp\/v2\/users\/2"}],"replies":[{"embeddable":true,"href":"https:\/\/nazarenonews.com.br\/index.php\/wp-json\/wp\/v2\/comments?post=2625"}],"version-history":[{"count":1,"href":"https:\/\/nazarenonews.com.br\/index.php\/wp-json\/wp\/v2\/posts\/2625\/revisions"}],"predecessor-version":[{"id":2627,"href":"https:\/\/nazarenonews.com.br\/index.php\/wp-json\/wp\/v2\/posts\/2625\/revisions\/2627"}],"wp:featuredmedia":[{"embeddable":true,"href":"https:\/\/nazarenonews.com.br\/index.php\/wp-json\/wp\/v2\/media\/2626"}],"wp:attachment":[{"href":"https:\/\/nazarenonews.com.br\/index.php\/wp-json\/wp\/v2\/media?parent=2625"}],"wp:term":[{"taxonomy":"category","embeddable":true,"href":"https:\/\/nazarenonews.com.br\/index.php\/wp-json\/wp\/v2\/categories?post=2625"},{"taxonomy":"post_tag","embeddable":true,"href":"https:\/\/nazarenonews.com.br\/index.php\/wp-json\/wp\/v2\/tags?post=2625"}],"curies":[{"name":"wp","href":"https:\/\/api.w.org\/{rel}","templated":true}]}}