{"id":2622,"date":"2024-08-31T14:11:03","date_gmt":"2024-08-31T18:11:03","guid":{"rendered":"https:\/\/nazarenonews.com.br\/?p=2622"},"modified":"2024-08-31T14:11:03","modified_gmt":"2024-08-31T18:11:03","slug":"apreensoes-de-vapes-em-mt-quase-dobram-em-2024-e-medica-alerta-sobre-riscos-a-saude","status":"publish","type":"post","link":"https:\/\/nazarenonews.com.br\/index.php\/2024\/08\/31\/apreensoes-de-vapes-em-mt-quase-dobram-em-2024-e-medica-alerta-sobre-riscos-a-saude\/","title":{"rendered":"Apreens\u00f5es de &#8220;vapes&#8221; em MT quase dobram em 2024 e m\u00e9dica alerta sobre riscos \u00e0 sa\u00fade"},"content":{"rendered":"\n<p>Mesmo tendo sua comercializa\u00e7\u00e3o, importa\u00e7\u00e3o e propaganda proibidas no Brasil pela Ag\u00eancia Nacional de Vigil\u00e2ncia Sanit\u00e1ria (Anvisa) desde 2009, dados divulgados pela Secretaria Estadual de Seguran\u00e7a P\u00fablica (Sesp) apontam que apenas no primeiro semestre de 2024, as for\u00e7as de seguran\u00e7a atenderam 89 ocorr\u00eancias envolvendo apreens\u00f5es de cigarros eletr\u00f4nicos em Mato Grosso. O n\u00famero \u00e9 quase o dobro de ocorr\u00eancias registradas em todo o ano de 2023. Naquele ano, foram 58 casos envolvendo \u2018vapes\u2019, como s\u00e3o popularmente conhecidos, de janeiro a dezembro. No entanto, a Pasta n\u00e3o divulgou o quantitativo de unidades apreendidas.<\/p>\n\n\n\n<p>Para entender quais os riscos do consumo dos \u2018vapes\u2019 para a sa\u00fade, o&nbsp;<strong>HNT<\/strong>&nbsp;procurou a m\u00e9dica pneumologista Dra. Egle Sousa Pereira, graduada pela Universidade Federal de Mato Grosso (UFMT) e mestra na \u00e1rea do tabagismo. A m\u00e9dica est\u00e1 inscrita no CRM sob o n\u00famero: 3338\/MT e com Registro de Qualifica\u00e7\u00e3o de Especialista (RQE) sob a inscri\u00e7\u00e3o 1216.<\/p>\n\n\n\n<p>Segundo a especialista, os cigarros eletr\u00f4nicos se popularizaram entre os jovens com a falsa promessa de que seriam menos nocivos do que os tradicionais. Contudo, na realidade, os \u2018pods\u2019, s\u00e3o muito piores e o uso est\u00e1 relacionado ao aparecimento de les\u00f5es pulmonares que podem levar \u00e0 morte.<\/p>\n\n\n\n<p>\u201cS\u00e3o piores. O aerossol (vaporzinho) liberado pelos dispositivos eletr\u00f4nicos agride o pulm\u00e3o e cont\u00e9m diversas subst\u00e2ncias qu\u00edmicas, entre metais pesados, part\u00edculas ultrafinas que se depositam e inflamam o pulm\u00e3o e agentes sabidamente cancer\u00edgenos. N\u00e3o se tem conhecimento de todas as subst\u00e2ncias que s\u00e3o usadas na produ\u00e7\u00e3o dos vapers. J\u00e1 foram encontrados nos cigarros eletr\u00f4nicos fertilizantes, am\u00f4nia, desinfetante, \u00e1cido c\u00edtrico e at\u00e9 anticorrosivos. Os vapes n\u00e3o s\u00e3o inofensivos. Viciam, lesionam e promovem graves sequelas\u201d, explicou a especialista \u00e0 reportagem.<\/p>\n\n\n\n<p>Assim como os cigarros tradicionais, o consumo de pods tamb\u00e9m pode causar c\u00e2ncer e doen\u00e7as cardiopulmonares, al\u00e9m de piorar condi\u00e7\u00f5es de sa\u00fade j\u00e1 existentes.<\/p>\n\n\n\n<p>\u201cOs usu\u00e1rios est\u00e3o\u00a0mais predispostos\u00a0a desenvolver\u00a0v\u00e1rios tipos de c\u00e2ncer\u00a0(pulm\u00e3o, est\u00f4mago e bexiga) e v\u00e3o apresentar doen\u00e7as respirat\u00f3rias como o enfisema pulmonar mais precocemente. E aqueles que j\u00e1 tem doen\u00e7as como bronquite e asma v\u00e3o ter descompensa\u00e7\u00f5es mais frequentes e menor qualidade de vida\u201d, alertou Egle Sousa Pereira.\u00a0<\/p>\n\n\n\n<p>Al\u00e9m disso, o tabagismo pode causar inflama\u00e7\u00f5es pulmonares e fazer com que doen\u00e7as como a pneumonia, por exemplo, piore ou com que o paciente tenha mais dificuldade para se recuperar da enfermidade.<\/p>\n\n\n\n<p>A m\u00e9dica informou que al\u00e9m de mais perigoso, os vapes tamb\u00e9m t\u00eam risco de adic\u00e7\u00e3o aumentado devido \u00e0 forma da nicotina utilizada em sua confec\u00e7\u00e3o.<\/p>\n\n\n\n<p>\u201cA nicotina usada mais frequentemente \u00e9 em forma de sal, mais potente e mais viciante. Esse tipo aumenta a concentra\u00e7\u00e3o de nicotina sem causar desconforto na garganta, ent\u00e3o leva ao v\u00edcio mais rapidamente. Al\u00e9m disso, o uso do cigarro eletr\u00f4nico aumenta em quase tr\u00eas vezes o risco de experimenta\u00e7\u00e3o de cigarro convencional e mais de quatro vezes o risco de se tornar um fumante regular\u201d, esclareceu.<\/p>\n\n\n\n<p>A especialista advertiu que n\u00e3o existe nenhuma medida que minimize os males causados na sa\u00fade pelo uso de cigarros eletr\u00f4nicos e foi categ\u00f3rica: \u201cO que deve ser feito \u00e9 deixar de utiliz\u00e1-los\u201d, aconselhou.<\/p>\n\n\n\n<p>Rep\u00f3rter MT<\/p>\n","protected":false},"excerpt":{"rendered":"<p>Mesmo tendo sua comercializa\u00e7\u00e3o, importa\u00e7\u00e3o e propaganda proibidas no Brasil pela Ag\u00eancia Nacional de Vigil\u00e2ncia Sanit\u00e1ria (Anvisa) desde 2009, dados divulgados pela Secretaria Estadual de Seguran\u00e7a P\u00fablica (Sesp) apontam que apenas no primeiro semestre de 2024, as for\u00e7as de seguran\u00e7a atenderam 89 ocorr\u00eancias envolvendo apreens\u00f5es de cigarros eletr\u00f4nicos em Mato Grosso. O n\u00famero \u00e9 quase [&hellip;]<\/p>\n","protected":false},"author":2,"featured_media":2623,"comment_status":"closed","ping_status":"closed","sticky":false,"template":"","format":"standard","meta":{"_monsterinsights_skip_tracking":false,"_monsterinsights_sitenote_active":false,"_monsterinsights_sitenote_note":"","_monsterinsights_sitenote_category":0,"footnotes":""},"categories":[1],"tags":[],"_links":{"self":[{"href":"https:\/\/nazarenonews.com.br\/index.php\/wp-json\/wp\/v2\/posts\/2622"}],"collection":[{"href":"https:\/\/nazarenonews.com.br\/index.php\/wp-json\/wp\/v2\/posts"}],"about":[{"href":"https:\/\/nazarenonews.com.br\/index.php\/wp-json\/wp\/v2\/types\/post"}],"author":[{"embeddable":true,"href":"https:\/\/nazarenonews.com.br\/index.php\/wp-json\/wp\/v2\/users\/2"}],"replies":[{"embeddable":true,"href":"https:\/\/nazarenonews.com.br\/index.php\/wp-json\/wp\/v2\/comments?post=2622"}],"version-history":[{"count":1,"href":"https:\/\/nazarenonews.com.br\/index.php\/wp-json\/wp\/v2\/posts\/2622\/revisions"}],"predecessor-version":[{"id":2624,"href":"https:\/\/nazarenonews.com.br\/index.php\/wp-json\/wp\/v2\/posts\/2622\/revisions\/2624"}],"wp:featuredmedia":[{"embeddable":true,"href":"https:\/\/nazarenonews.com.br\/index.php\/wp-json\/wp\/v2\/media\/2623"}],"wp:attachment":[{"href":"https:\/\/nazarenonews.com.br\/index.php\/wp-json\/wp\/v2\/media?parent=2622"}],"wp:term":[{"taxonomy":"category","embeddable":true,"href":"https:\/\/nazarenonews.com.br\/index.php\/wp-json\/wp\/v2\/categories?post=2622"},{"taxonomy":"post_tag","embeddable":true,"href":"https:\/\/nazarenonews.com.br\/index.php\/wp-json\/wp\/v2\/tags?post=2622"}],"curies":[{"name":"wp","href":"https:\/\/api.w.org\/{rel}","templated":true}]}}