{"id":2619,"date":"2024-08-31T14:03:19","date_gmt":"2024-08-31T18:03:19","guid":{"rendered":"https:\/\/nazarenonews.com.br\/?p=2619"},"modified":"2024-08-31T14:03:19","modified_gmt":"2024-08-31T18:03:19","slug":"engenheiro-agronomo-morre-apos-ser-arremessado-de-veiculo-em-rodovia-de-mt","status":"publish","type":"post","link":"https:\/\/nazarenonews.com.br\/index.php\/2024\/08\/31\/engenheiro-agronomo-morre-apos-ser-arremessado-de-veiculo-em-rodovia-de-mt\/","title":{"rendered":"Engenheiro agr\u00f4nomo morre ap\u00f3s ser arremessado de ve\u00edculo em rodovia de MT"},"content":{"rendered":"\n<p>O engenheiro agr\u00f4nomo Eduardo Roberto Scherer, de 50 anos, morreu ap\u00f3s sofrer um acidente de tr\u00e2nsito e ser arremessado para fora do ve\u00edculo que dirigia, na madrugada deste s\u00e1bado (31), na rodovia MT-326, na zona rural de&nbsp;<a class=\"\" href=\"https:\/\/g1.globo.com\/mt\/mato-grosso\/cidade\/canarana-mt\/\">Canarana<\/a>, a 838 km de Cuiab\u00e1.<\/p>\n\n\n\n<p>Segundo a Pol\u00edcia Civil, o condutor teria perdido o controle do carro, no entanto, as causas do acidente ainda est\u00e3o sendo investigadas.<\/p>\n\n\n\n<p>Eduardo era propriet\u00e1rio de uma empresa de equipamentos agr\u00edcolas e viajava para Canarana a trabalho. Ele vivia junto da fam\u00edlia no munic\u00edpio de&nbsp;<a class=\"\" href=\"https:\/\/g1.globo.com\/mt\/mato-grosso\/cidade\/agua-boa-mt\/\">\u00c1gua Boa<\/a>, a 736 km da capital.<\/p>\n\n\n\n<p>Em nota, a Associa\u00e7\u00e3o dos Engenheiros Agr\u00f4nomos de \u00c1gua Boa lamentou o ocorrido e expressou condol\u00eancias aos familiares e amigos de Eduardo.<\/p>\n\n\n\n<p>O caso agora \u00e9 investigado pela Pol\u00edcia Civil.<\/p>\n\n\n\n<p>G1-MT<\/p>\n","protected":false},"excerpt":{"rendered":"<p>O engenheiro agr\u00f4nomo Eduardo Roberto Scherer, de 50 anos, morreu ap\u00f3s sofrer um acidente de tr\u00e2nsito e ser arremessado para fora do ve\u00edculo que dirigia, na madrugada deste s\u00e1bado (31), na rodovia MT-326, na zona rural de&nbsp;Canarana, a 838 km de Cuiab\u00e1. Segundo a Pol\u00edcia Civil, o condutor teria perdido o controle do carro, no [&hellip;]<\/p>\n","protected":false},"author":2,"featured_media":2620,"comment_status":"closed","ping_status":"closed","sticky":false,"template":"","format":"standard","meta":{"_monsterinsights_skip_tracking":false,"_monsterinsights_sitenote_active":false,"_monsterinsights_sitenote_note":"","_monsterinsights_sitenote_category":0,"footnotes":""},"categories":[1],"tags":[],"_links":{"self":[{"href":"https:\/\/nazarenonews.com.br\/index.php\/wp-json\/wp\/v2\/posts\/2619"}],"collection":[{"href":"https:\/\/nazarenonews.com.br\/index.php\/wp-json\/wp\/v2\/posts"}],"about":[{"href":"https:\/\/nazarenonews.com.br\/index.php\/wp-json\/wp\/v2\/types\/post"}],"author":[{"embeddable":true,"href":"https:\/\/nazarenonews.com.br\/index.php\/wp-json\/wp\/v2\/users\/2"}],"replies":[{"embeddable":true,"href":"https:\/\/nazarenonews.com.br\/index.php\/wp-json\/wp\/v2\/comments?post=2619"}],"version-history":[{"count":1,"href":"https:\/\/nazarenonews.com.br\/index.php\/wp-json\/wp\/v2\/posts\/2619\/revisions"}],"predecessor-version":[{"id":2621,"href":"https:\/\/nazarenonews.com.br\/index.php\/wp-json\/wp\/v2\/posts\/2619\/revisions\/2621"}],"wp:featuredmedia":[{"embeddable":true,"href":"https:\/\/nazarenonews.com.br\/index.php\/wp-json\/wp\/v2\/media\/2620"}],"wp:attachment":[{"href":"https:\/\/nazarenonews.com.br\/index.php\/wp-json\/wp\/v2\/media?parent=2619"}],"wp:term":[{"taxonomy":"category","embeddable":true,"href":"https:\/\/nazarenonews.com.br\/index.php\/wp-json\/wp\/v2\/categories?post=2619"},{"taxonomy":"post_tag","embeddable":true,"href":"https:\/\/nazarenonews.com.br\/index.php\/wp-json\/wp\/v2\/tags?post=2619"}],"curies":[{"name":"wp","href":"https:\/\/api.w.org\/{rel}","templated":true}]}}