{"id":2616,"date":"2024-08-30T15:44:16","date_gmt":"2024-08-30T19:44:16","guid":{"rendered":"https:\/\/nazarenonews.com.br\/?p=2616"},"modified":"2024-08-30T15:44:16","modified_gmt":"2024-08-30T19:44:16","slug":"teto-de-igreja-desaba-durante-distribuicao-de-cestas-basicas-e-deixa-dois-mortos-no-recife","status":"publish","type":"post","link":"https:\/\/nazarenonews.com.br\/index.php\/2024\/08\/30\/teto-de-igreja-desaba-durante-distribuicao-de-cestas-basicas-e-deixa-dois-mortos-no-recife\/","title":{"rendered":"Teto de igreja desaba durante distribui\u00e7\u00e3o de cestas b\u00e1sicas e deixa dois mortos no Recife"},"content":{"rendered":"\n<p>O teto do Santu\u00e1rio do Morro da Concei\u00e7\u00e3o, localizado na Zona Norte do\u00a0<a class=\"\" href=\"https:\/\/g1.globo.com\/pe\/pernambuco\/cidade\/recife\/\">Recife<\/a>, desabou nesta sexta-feira (30), por volta das 13h30, durante uma distribui\u00e7\u00e3o de cestas b\u00e1sicas<\/p>\n\n\n\n<p>\u00a0O acidente deixou dois homens mortos, segundo a prefeitura do Recife.<\/p>\n\n\n\n<p>Os corpos estavam sob os escombros e entre os bancos da igreja. Ao menos, 22 pessoas ficaram feridas no desabamento, de acordo com a vice-governadora de Pernambuco, Priscila Krause (<a class=\"\" href=\"https:\/\/g1.globo.com\/politica\/partido\/cidadania\/\">Cidadania<\/a>).<\/p>\n\n\n\n<p>Havia entre 60 e 70 pessoas no local quando o acidente aconteceu.\u00a0V\u00eddeos gravados por testemunhas e\u00a0<a class=\"\" href=\"https:\/\/g1.globo.com\/pe\/pernambuco\/noticia\/2024\/04\/29\/envie-sugestoes-perguntas-fotos-ou-videos-para-o-bom-dia-pe-o-ne1-o-ne2-o-globo-comunidade-e-o-g1.ghtml\">enviados para a TV Globo<\/a>\u00a0mostram o teto do santu\u00e1rio sobre os bancos e pessoas correndo tentando ajudar as v\u00edtimas, que ficaram deitadas no ch\u00e3o.<\/p>\n\n\n\n<p>Os feridos foram levados para a Unidade de Pronto-Atendimento (UPA) de Nova Descoberta, na mesma regi\u00e3o da capital pernambucana, e para o Hospital da Restaura\u00e7\u00e3o (HR), no bairro do Derby, na \u00e1rea central da cidade. N\u00e3o h\u00e1 informa\u00e7\u00e3o sobre o estado de sa\u00fade dos feridos.<\/p>\n\n\n\n<p>Ainda ser\u00e1 investigada a causa do desabamento, que aconteceu 100 dias antes da Festa do Morro, em homenagem \u00e0 Nossa Senhora da Concei\u00e7\u00e3o\u00a0<\/p>\n\n\n\n<p>H\u00e1 seis dias, foi finalizada a instala\u00e7\u00e3o das placas solares no teto do santu\u00e1rio, segundo uma postagem do perfil da igreja no&nbsp;<a class=\"\" href=\"https:\/\/g1.globo.com\/tudo-sobre\/instagram\/\">Instagram<\/a>.<\/p>\n\n\n\n<p>O Corpo de Bombeiros enviou 32 militares ao local do acidente, para onde tamb\u00e9m foram 15 policiais militares. Equipes do Servi\u00e7o de Atendimento M\u00f3vel de Urg\u00eancia (Samu) e da Defesa Civil tamb\u00e9m foram para a \u00e1rea do desabamento, de acordo com o Centro de Opera\u00e7\u00f5es do Recife (COP). A prefeitura do Recife declarou luto de tr\u00eas dias.<\/p>\n\n\n\n<p>Repercuss\u00e3o<\/p>\n\n\n\n<p><a class=\"\" href=\"https:\/\/g1.globo.com\/politica\/noticia\/2024\/08\/30\/lula-lamenta-desabamento-de-telhado-de-igreja-no-recife-tragedia.ghtml\">O presidente Lula lamentou o desabamento<\/a>, atrav\u00e9s de uma mensagem postada no X.<\/p>\n\n\n\n<p><strong>&#8220;Com muita tristeza, soube das duas mortes e dezenas de feridos, alguns em estado grave, no Santu\u00e1rio Santu\u00e1rio do Morro da Concei\u00e7\u00e3o, na Zona Norte do Recife. Uma trag\u00e9dia. Minha solidariedade com as v\u00edtimas, seus familiares, amigos e com a cidade de Recife neste momento&#8221;, afirmou Lula.<\/strong><\/p>\n\n\n\n<p>A governadora de Pernambuco,&nbsp;<a class=\"\" href=\"https:\/\/g1.globo.com\/politica\/politico\/raquel-texeira-lyra\/\">Raquel Lyra<\/a>&nbsp;(<a class=\"\" href=\"https:\/\/g1.globo.com\/politica\/partido\/psdb\/\">PSDB<\/a>), se pronunciou sobre o acidente atrav\u00e9s de uma nota.<\/p>\n\n\n\n<p>&#8220;Acabo de saber do desabamento do teto do Santu\u00e1rio do Morro da Concei\u00e7\u00e3o, no Recife. Estou no Sert\u00e3o, para agenda administrativa, mas j\u00e1 acionamos nossas equipes de seguran\u00e7a para resgate e atendimento imediato \u00e0s v\u00edtimas. Que Deus e Nossa Senhora da Concei\u00e7\u00e3o console a todos&#8221;, disse.<\/p>\n\n\n\n<p>Priscila Krause foi at\u00e9 o local do acidente. \u201cEsse primeiro momento \u00e9 cuidar dessas pessoas. Toda a assist\u00eancia que elas precisem e depois a gente cuida do santu\u00e1rio. Esse santu\u00e1rio \u00e9 um s\u00edmbolo para o Recife, um s\u00edmbolo para Pernambuco. [&#8230;] Assim que a Defesa Civil e os bombeiros liberarem, [&#8230;] come\u00e7a o levantamento para que a gente possa fazer a reconstru\u00e7\u00e3o do santu\u00e1rio, at\u00e9 porque se come\u00e7ou uma contagem regressiva dos 100 dias para a festa do Morro\u201d, disse a vice-governadora.<\/p>\n\n\n\n<p>O padre Emerson Borges, reitor do Santu\u00e1rio de Nossa Senhora da Concei\u00e7\u00e3o, tamb\u00e9m divulgou uma nota sobre o acidente.<\/p>\n\n\n\n<p><strong>&#8220;O Santu\u00e1rio Nossa Senhora da Concei\u00e7\u00e3o se une aos moradores do nosso amado morro neste momento. De imediato, estamos ao lado das v\u00edtimas e de seus familiares, nossa prioridade. Equipes de socorro est\u00e3o presentes numa for\u00e7a tarefa em atendimento deste tr\u00e1fico acidente. Que as nossas ora\u00e7\u00f5es sejam elevadas \u00e0 Deus por intercess\u00e3o da Imaculada Concei\u00e7\u00e3o&#8221;, disse o padre.<\/strong><\/p>\n\n\n\n<p>O arcebispo de Olinda e Recife, Dom Paulo Jackson, tamb\u00e9m divulgou uma nota, em que expressou &#8220;profunda tristeza&#8221; pelo acidente e afirmou que o desabamento, que &#8220;resultou em v\u00edtimas e causou grande dor \u00e0 nossa comunidade, enche nossos cora\u00e7\u00f5es de luto e solidariedade&#8221;.<\/p>\n\n\n\n<p>&#8220;Em ora\u00e7\u00e3o, nos unimos \u00e0s fam\u00edlias enlutadas e a todos os que foram afetados por esta trag\u00e9dia. Que o senhor acolha as almas dos falecidos e conforte os cora\u00e7\u00f5es dos que sofrem. A Arquidiocese de Olinda e Recife oferece todo o suporte necess\u00e1rio \u00e0s v\u00edtimas e seus familiares, buscando trazer al\u00edvio e esperan\u00e7a em meio a esta dor&#8221;, disse o arcebispo na nota.<\/p>\n\n\n\n<p>Por fim, ele pediu que Nossa Senhora da Concei\u00e7\u00e3o, &#8220;nossa padroeira, interceda por todos, concedendo consolo e for\u00e7a neste momento de imensa tristeza&#8221;.<\/p>\n\n\n\n<p>G1<\/p>\n\n\n\n<p><\/p>\n","protected":false},"excerpt":{"rendered":"<p>O teto do Santu\u00e1rio do Morro da Concei\u00e7\u00e3o, localizado na Zona Norte do\u00a0Recife, desabou nesta sexta-feira (30), por volta das 13h30, durante uma distribui\u00e7\u00e3o de cestas b\u00e1sicas \u00a0O acidente deixou dois homens mortos, segundo a prefeitura do Recife. Os corpos estavam sob os escombros e entre os bancos da igreja. Ao menos, 22 pessoas ficaram [&hellip;]<\/p>\n","protected":false},"author":2,"featured_media":2617,"comment_status":"closed","ping_status":"closed","sticky":false,"template":"","format":"standard","meta":{"_monsterinsights_skip_tracking":false,"_monsterinsights_sitenote_active":false,"_monsterinsights_sitenote_note":"","_monsterinsights_sitenote_category":0,"footnotes":""},"categories":[37],"tags":[],"_links":{"self":[{"href":"https:\/\/nazarenonews.com.br\/index.php\/wp-json\/wp\/v2\/posts\/2616"}],"collection":[{"href":"https:\/\/nazarenonews.com.br\/index.php\/wp-json\/wp\/v2\/posts"}],"about":[{"href":"https:\/\/nazarenonews.com.br\/index.php\/wp-json\/wp\/v2\/types\/post"}],"author":[{"embeddable":true,"href":"https:\/\/nazarenonews.com.br\/index.php\/wp-json\/wp\/v2\/users\/2"}],"replies":[{"embeddable":true,"href":"https:\/\/nazarenonews.com.br\/index.php\/wp-json\/wp\/v2\/comments?post=2616"}],"version-history":[{"count":1,"href":"https:\/\/nazarenonews.com.br\/index.php\/wp-json\/wp\/v2\/posts\/2616\/revisions"}],"predecessor-version":[{"id":2618,"href":"https:\/\/nazarenonews.com.br\/index.php\/wp-json\/wp\/v2\/posts\/2616\/revisions\/2618"}],"wp:featuredmedia":[{"embeddable":true,"href":"https:\/\/nazarenonews.com.br\/index.php\/wp-json\/wp\/v2\/media\/2617"}],"wp:attachment":[{"href":"https:\/\/nazarenonews.com.br\/index.php\/wp-json\/wp\/v2\/media?parent=2616"}],"wp:term":[{"taxonomy":"category","embeddable":true,"href":"https:\/\/nazarenonews.com.br\/index.php\/wp-json\/wp\/v2\/categories?post=2616"},{"taxonomy":"post_tag","embeddable":true,"href":"https:\/\/nazarenonews.com.br\/index.php\/wp-json\/wp\/v2\/tags?post=2616"}],"curies":[{"name":"wp","href":"https:\/\/api.w.org\/{rel}","templated":true}]}}