{"id":2613,"date":"2024-08-30T08:21:57","date_gmt":"2024-08-30T12:21:57","guid":{"rendered":"https:\/\/nazarenonews.com.br\/?p=2613"},"modified":"2024-08-30T08:21:57","modified_gmt":"2024-08-30T12:21:57","slug":"um-dia-voce-estara-na-prisao-avisa-elon-musk-para-moraes","status":"publish","type":"post","link":"https:\/\/nazarenonews.com.br\/index.php\/2024\/08\/30\/um-dia-voce-estara-na-prisao-avisa-elon-musk-para-moraes\/","title":{"rendered":"\u201cUm dia, voc\u00ea estar\u00e1 na pris\u00e3o\u201d, avisa Elon Musk para Moraes"},"content":{"rendered":"\n<p><strong>Elon Musk, empres\u00e1rio e dono da plataforma Twitter\/X, reagiu de maneira contundente \u00e0 ofensiva do ministro do Supremo Tribunal Federal (STF) do Brasil, Alexandre de Moraes, contra sua empresa. Em uma s\u00e9rie de postagens na rede social, Musk criticou Moraes e sugeriu que o ministro poderia, no futuro, enfrentar consequ\u00eancias legais, mencionando que \u201cum dia, uma imagem gerada por intelig\u00eancia artificial de Moraes em uma pris\u00e3o ser\u00e1 real.\u201d<\/strong><\/p>\n\n\n\n<p>Essa situa\u00e7\u00e3o se desenrolou ap\u00f3s Moraes intimar Musk a fornecer informa\u00e7\u00f5es sobre o representante legal do Twitter\/X no Brasil em um prazo de 24 horas. O ministro indicou que, caso Musk n\u00e3o cumprisse a determina\u00e7\u00e3o, as atividades da rede social poderiam ser suspensas no pa\u00eds. Moraes tamb\u00e9m bloqueou contas da empresa Starlink, outra companhia de Musk, para garantir o pagamento de multas judiciais impostas ao Twitter\/X.<\/p>\n\n\n\n<p>Musk n\u00e3o poupou palavras ao responder \u00e0 decis\u00e3o, chamando Moraes de \u201ccriminoso da pior esp\u00e9cie, disfar\u00e7ado de juiz.\u201d Ele acusou o ministro de violar repetidamente as leis que deveria defender. A controv\u00e9rsia foi amplamente comentada nas redes sociais, com jornalistas como Michael Shellenberger e Glenn Greenwald criticando a postura de Moraes, chamando-o de \u201cjuiz autorit\u00e1rio da censura brasileira\u201d e alertando para as implica\u00e7\u00f5es da decis\u00e3o sobre a liberdade de express\u00e3o no Brasil.<\/p>\n","protected":false},"excerpt":{"rendered":"<p>Elon Musk, empres\u00e1rio e dono da plataforma Twitter\/X, reagiu de maneira contundente \u00e0 ofensiva do ministro do Supremo Tribunal Federal (STF) do Brasil, Alexandre de Moraes, contra sua empresa. Em uma s\u00e9rie de postagens na rede social, Musk criticou Moraes e sugeriu que o ministro poderia, no futuro, enfrentar consequ\u00eancias legais, mencionando que \u201cum dia, [&hellip;]<\/p>\n","protected":false},"author":2,"featured_media":2614,"comment_status":"closed","ping_status":"closed","sticky":false,"template":"","format":"standard","meta":{"_monsterinsights_skip_tracking":false,"_monsterinsights_sitenote_active":false,"_monsterinsights_sitenote_note":"","_monsterinsights_sitenote_category":0,"footnotes":""},"categories":[38,37,50,1],"tags":[],"_links":{"self":[{"href":"https:\/\/nazarenonews.com.br\/index.php\/wp-json\/wp\/v2\/posts\/2613"}],"collection":[{"href":"https:\/\/nazarenonews.com.br\/index.php\/wp-json\/wp\/v2\/posts"}],"about":[{"href":"https:\/\/nazarenonews.com.br\/index.php\/wp-json\/wp\/v2\/types\/post"}],"author":[{"embeddable":true,"href":"https:\/\/nazarenonews.com.br\/index.php\/wp-json\/wp\/v2\/users\/2"}],"replies":[{"embeddable":true,"href":"https:\/\/nazarenonews.com.br\/index.php\/wp-json\/wp\/v2\/comments?post=2613"}],"version-history":[{"count":1,"href":"https:\/\/nazarenonews.com.br\/index.php\/wp-json\/wp\/v2\/posts\/2613\/revisions"}],"predecessor-version":[{"id":2615,"href":"https:\/\/nazarenonews.com.br\/index.php\/wp-json\/wp\/v2\/posts\/2613\/revisions\/2615"}],"wp:featuredmedia":[{"embeddable":true,"href":"https:\/\/nazarenonews.com.br\/index.php\/wp-json\/wp\/v2\/media\/2614"}],"wp:attachment":[{"href":"https:\/\/nazarenonews.com.br\/index.php\/wp-json\/wp\/v2\/media?parent=2613"}],"wp:term":[{"taxonomy":"category","embeddable":true,"href":"https:\/\/nazarenonews.com.br\/index.php\/wp-json\/wp\/v2\/categories?post=2613"},{"taxonomy":"post_tag","embeddable":true,"href":"https:\/\/nazarenonews.com.br\/index.php\/wp-json\/wp\/v2\/tags?post=2613"}],"curies":[{"name":"wp","href":"https:\/\/api.w.org\/{rel}","templated":true}]}}