{"id":2610,"date":"2024-08-30T08:18:59","date_gmt":"2024-08-30T12:18:59","guid":{"rendered":"https:\/\/nazarenonews.com.br\/?p=2610"},"modified":"2024-08-30T08:19:00","modified_gmt":"2024-08-30T12:19:00","slug":"alistamento-militar-feminino-tera-inicio-em-2025","status":"publish","type":"post","link":"https:\/\/nazarenonews.com.br\/index.php\/2024\/08\/30\/alistamento-militar-feminino-tera-inicio-em-2025\/","title":{"rendered":"Alistamento militar feminino ter\u00e1 in\u00edcio em 2025"},"content":{"rendered":"\n<p>Nesta quarta-feira (28), o presidente da Rep\u00fablica, Luiz In\u00e1cio Lula da Silva, assinou o decreto que autoriza o alistamento militar feminino no Brasil, tornando poss\u00edvel o servi\u00e7o militar, de forma volunt\u00e1ria, para mulheres a partir de 18 anos.<\/p>\n\n\n\n<p>O recrutamento inicia em 2025, quando dever\u00e3o ser estabelecidos os munic\u00edpios onde haver\u00e1 o alistamento feminino pelo plano geral de convoca\u00e7\u00e3o. De acordo com o Minist\u00e9rio da Defesa, a princ\u00edpio, ser\u00e3o ofertadas 1.500 vagas; e elas ser\u00e3o incorporadas a uma das organiza\u00e7\u00f5es militares da Marinha, do Ex\u00e9rcito e da Aeron\u00e1utica, ocorrer\u00e1 de 2026 em diante.<\/p>\n\n\n\n<p>Ap\u00f3s se alistarem voluntariamente, as mulheres passar\u00e3o pelas etapas de sele\u00e7\u00e3o, que incluem a inspe\u00e7\u00e3o de sa\u00fade e a incorpora\u00e7\u00e3o, que come\u00e7a com um ato oficial e termina com a conclus\u00e3o de um curso de instru\u00e7\u00e3o para o exerc\u00edcio das fun\u00e7\u00f5es gerais b\u00e1sicas.<\/p>\n\n\n\n<p>Conforme as normas, \u00e9 poss\u00edvel desistir do processo apenas at\u00e9 o ato de incorpora\u00e7\u00e3o. Ap\u00f3s essa etapa, o servi\u00e7o militar passa a ser de cumprimento obrigat\u00f3rio e a militar fica sujeita aos deveres e penalidades previstos na legisla\u00e7\u00e3o, como aplica\u00e7\u00e3o de multas e reten\u00e7\u00e3o do certificado de servi\u00e7o militar.<\/p>\n\n\n\n<p>O servi\u00e7o militar para homens convocados ou volunt\u00e1rios e mulheres volunt\u00e1rias que se alistam, n\u00e3o compreende estabilidade. Ap\u00f3s serem desligados, os militares passam a compor a reserva n\u00e3o remunerada das For\u00e7as Armadas.<\/p>\n\n\n\n<p>O alistamento segue com dura\u00e7\u00e3o de 12 meses, podendo ser prorrogado a cada per\u00edodo de um ano at\u00e9 o prazo m\u00e1ximo de oito anos.<\/p>\n\n\n\n<p><em>Reda\u00e7\u00e3o CPAD News\/ Com informa\u00e7\u00f5es Ag\u00eancia Brasil e Minist\u00e9rio da Defesa<\/em><\/p>\n\n\n\n<p><\/p>\n","protected":false},"excerpt":{"rendered":"<p>Nesta quarta-feira (28), o presidente da Rep\u00fablica, Luiz In\u00e1cio Lula da Silva, assinou o decreto que autoriza o alistamento militar feminino no Brasil, tornando poss\u00edvel o servi\u00e7o militar, de forma volunt\u00e1ria, para mulheres a partir de 18 anos. O recrutamento inicia em 2025, quando dever\u00e3o ser estabelecidos os munic\u00edpios onde haver\u00e1 o alistamento feminino pelo [&hellip;]<\/p>\n","protected":false},"author":2,"featured_media":2611,"comment_status":"closed","ping_status":"closed","sticky":false,"template":"","format":"standard","meta":{"_monsterinsights_skip_tracking":false,"_monsterinsights_sitenote_active":false,"_monsterinsights_sitenote_note":"","_monsterinsights_sitenote_category":0,"footnotes":""},"categories":[37,50,1],"tags":[],"_links":{"self":[{"href":"https:\/\/nazarenonews.com.br\/index.php\/wp-json\/wp\/v2\/posts\/2610"}],"collection":[{"href":"https:\/\/nazarenonews.com.br\/index.php\/wp-json\/wp\/v2\/posts"}],"about":[{"href":"https:\/\/nazarenonews.com.br\/index.php\/wp-json\/wp\/v2\/types\/post"}],"author":[{"embeddable":true,"href":"https:\/\/nazarenonews.com.br\/index.php\/wp-json\/wp\/v2\/users\/2"}],"replies":[{"embeddable":true,"href":"https:\/\/nazarenonews.com.br\/index.php\/wp-json\/wp\/v2\/comments?post=2610"}],"version-history":[{"count":1,"href":"https:\/\/nazarenonews.com.br\/index.php\/wp-json\/wp\/v2\/posts\/2610\/revisions"}],"predecessor-version":[{"id":2612,"href":"https:\/\/nazarenonews.com.br\/index.php\/wp-json\/wp\/v2\/posts\/2610\/revisions\/2612"}],"wp:featuredmedia":[{"embeddable":true,"href":"https:\/\/nazarenonews.com.br\/index.php\/wp-json\/wp\/v2\/media\/2611"}],"wp:attachment":[{"href":"https:\/\/nazarenonews.com.br\/index.php\/wp-json\/wp\/v2\/media?parent=2610"}],"wp:term":[{"taxonomy":"category","embeddable":true,"href":"https:\/\/nazarenonews.com.br\/index.php\/wp-json\/wp\/v2\/categories?post=2610"},{"taxonomy":"post_tag","embeddable":true,"href":"https:\/\/nazarenonews.com.br\/index.php\/wp-json\/wp\/v2\/tags?post=2610"}],"curies":[{"name":"wp","href":"https:\/\/api.w.org\/{rel}","templated":true}]}}