{"id":2603,"date":"2024-08-30T07:52:04","date_gmt":"2024-08-30T11:52:04","guid":{"rendered":"https:\/\/nazarenonews.com.br\/?p=2603"},"modified":"2024-08-30T07:52:04","modified_gmt":"2024-08-30T11:52:04","slug":"previsao-do-tempo-sexta-feira-30-com-alerta-para-baixa-umidade-no-mato-grosso","status":"publish","type":"post","link":"https:\/\/nazarenonews.com.br\/index.php\/2024\/08\/30\/previsao-do-tempo-sexta-feira-30-com-alerta-para-baixa-umidade-no-mato-grosso\/","title":{"rendered":"PREVIS\u00c3O DO TEMPO: sexta-feira (30) com alerta para baixa umidade no Mato Grosso"},"content":{"rendered":"\n<p>Nesta sexta-feira (30), o Instituto Nacional de Meteorologia (Inmet) alerta para perigo potencial de baixa umidade em todo o Mato Grosso, em cidades como Mirassol d&#8217;Oeste, Primavera do Leste e S\u00e3o Jos\u00e9 do Rio Claro.<\/p>\n\n\n\n<p>A previs\u00e3o \u00e9 de varia\u00e7\u00e3o de nuvens em todo o Mato Grosso durante o dia e \u00e0 noite.<\/p>\n\n\n\n<p>A temperatura m\u00ednima fica em torno de 18\u00b0C, em Alto Gar\u00e7as, e a m\u00e1xima prevista \u00e9 de 40\u00baC, em Apiac\u00e1s. A umidade relativa do ar varia entre 15% e 45%.<\/p>\n\n\n\n<p>As informa\u00e7\u00f5es s\u00e3o do Instituto Nacional de Meteorologia.<br>&nbsp;<\/p>\n\n\n\n<p>Fonte: <a href=\"https:\/\/brasil61.com\/n\/previsao-do-tempo-sexta-feira-30-com-alerta-para-baixa-umidade-no-mato-grosso-ptco243792\" target=\"_blank\" rel=\"noreferrer noopener\">Brasil 61<\/a><\/p>\n","protected":false},"excerpt":{"rendered":"<p>Nesta sexta-feira (30), o Instituto Nacional de Meteorologia (Inmet) alerta para perigo potencial de baixa umidade em todo o Mato Grosso, em cidades como Mirassol d&#8217;Oeste, Primavera do Leste e S\u00e3o Jos\u00e9 do Rio Claro. A previs\u00e3o \u00e9 de varia\u00e7\u00e3o de nuvens em todo o Mato Grosso durante o dia e \u00e0 noite. A temperatura [&hellip;]<\/p>\n","protected":false},"author":2,"featured_media":2184,"comment_status":"closed","ping_status":"closed","sticky":false,"template":"","format":"standard","meta":{"_monsterinsights_skip_tracking":false,"_monsterinsights_sitenote_active":false,"_monsterinsights_sitenote_note":"","_monsterinsights_sitenote_category":0,"footnotes":""},"categories":[52],"tags":[],"_links":{"self":[{"href":"https:\/\/nazarenonews.com.br\/index.php\/wp-json\/wp\/v2\/posts\/2603"}],"collection":[{"href":"https:\/\/nazarenonews.com.br\/index.php\/wp-json\/wp\/v2\/posts"}],"about":[{"href":"https:\/\/nazarenonews.com.br\/index.php\/wp-json\/wp\/v2\/types\/post"}],"author":[{"embeddable":true,"href":"https:\/\/nazarenonews.com.br\/index.php\/wp-json\/wp\/v2\/users\/2"}],"replies":[{"embeddable":true,"href":"https:\/\/nazarenonews.com.br\/index.php\/wp-json\/wp\/v2\/comments?post=2603"}],"version-history":[{"count":1,"href":"https:\/\/nazarenonews.com.br\/index.php\/wp-json\/wp\/v2\/posts\/2603\/revisions"}],"predecessor-version":[{"id":2604,"href":"https:\/\/nazarenonews.com.br\/index.php\/wp-json\/wp\/v2\/posts\/2603\/revisions\/2604"}],"wp:featuredmedia":[{"embeddable":true,"href":"https:\/\/nazarenonews.com.br\/index.php\/wp-json\/wp\/v2\/media\/2184"}],"wp:attachment":[{"href":"https:\/\/nazarenonews.com.br\/index.php\/wp-json\/wp\/v2\/media?parent=2603"}],"wp:term":[{"taxonomy":"category","embeddable":true,"href":"https:\/\/nazarenonews.com.br\/index.php\/wp-json\/wp\/v2\/categories?post=2603"},{"taxonomy":"post_tag","embeddable":true,"href":"https:\/\/nazarenonews.com.br\/index.php\/wp-json\/wp\/v2\/tags?post=2603"}],"curies":[{"name":"wp","href":"https:\/\/api.w.org\/{rel}","templated":true}]}}