{"id":2597,"date":"2024-08-30T07:46:05","date_gmt":"2024-08-30T11:46:05","guid":{"rendered":"https:\/\/nazarenonews.com.br\/?p=2597"},"modified":"2024-08-30T07:46:05","modified_gmt":"2024-08-30T11:46:05","slug":"mutirao-da-cidadania-traz-exames-gratuitos-e-servicos-para-a-populacao-neste-sabado","status":"publish","type":"post","link":"https:\/\/nazarenonews.com.br\/index.php\/2024\/08\/30\/mutirao-da-cidadania-traz-exames-gratuitos-e-servicos-para-a-populacao-neste-sabado\/","title":{"rendered":"Mutir\u00e3o da Cidadania traz exames gratuitos e servi\u00e7os para a popula\u00e7\u00e3o neste s\u00e1bado"},"content":{"rendered":"\n<p>O Mutir\u00e3o da Cidadania acontece neste s\u00e1bado (31) na Escola Estadual Victorino Monteiro da Silva, localizada no bairro Ilza Terezinha, em Cuiab\u00e1. Os cidad\u00e3os ter\u00e3o acesso a in\u00fameros servi\u00e7os de documenta\u00e7\u00e3o e tamb\u00e9m a exame de vista gratuito, ofertado pelo Projeto Vis\u00e3o Ideal. As a\u00e7\u00f5es ter\u00e3o in\u00edcio \u00e0s 8 horas e ir\u00e3o at\u00e9 \u00e0s 17 horas.<\/p>\n\n\n\n<p>No local, a Secretaria de Estado de Assist\u00eancia Social e Cidadania (Setasc) ir\u00e1 disponibilizar servi\u00e7os de documenta\u00e7\u00e3o como carteirinha do autista; pr\u00e9-inscri\u00e7\u00f5es para o casamento aben\u00e7oado; foto 3&#215;4; plastifica\u00e7\u00e3o de documentos e solicita\u00e7\u00e3o de segunda via de certid\u00e3o de nascimento, casamento e \u00f3bito.<\/p>\n\n\n\n<p><br>A popula\u00e7\u00e3o tamb\u00e9m ter\u00e1 acesso a servi\u00e7os do Sine Estadual e do Procon Estadual e tamb\u00e9m poder\u00e1 ser orientada, pela Setasc, para os programas Ser Fam\u00edlia e Ser Fam\u00edlia Capacita.\u00a0Com rela\u00e7\u00e3o ao exame de vista gratuito, ele ser\u00e1 ofertado durante todo o evento.<\/p>\n\n\n\n<p>redacao@gazetadigital.com.br<\/p>\n","protected":false},"excerpt":{"rendered":"<p>O Mutir\u00e3o da Cidadania acontece neste s\u00e1bado (31) na Escola Estadual Victorino Monteiro da Silva, localizada no bairro Ilza Terezinha, em Cuiab\u00e1. Os cidad\u00e3os ter\u00e3o acesso a in\u00fameros servi\u00e7os de documenta\u00e7\u00e3o e tamb\u00e9m a exame de vista gratuito, ofertado pelo Projeto Vis\u00e3o Ideal. As a\u00e7\u00f5es ter\u00e3o in\u00edcio \u00e0s 8 horas e ir\u00e3o at\u00e9 \u00e0s 17 [&hellip;]<\/p>\n","protected":false},"author":2,"featured_media":2598,"comment_status":"closed","ping_status":"closed","sticky":false,"template":"","format":"standard","meta":{"_monsterinsights_skip_tracking":false,"_monsterinsights_sitenote_active":false,"_monsterinsights_sitenote_note":"","_monsterinsights_sitenote_category":0,"footnotes":""},"categories":[1],"tags":[],"_links":{"self":[{"href":"https:\/\/nazarenonews.com.br\/index.php\/wp-json\/wp\/v2\/posts\/2597"}],"collection":[{"href":"https:\/\/nazarenonews.com.br\/index.php\/wp-json\/wp\/v2\/posts"}],"about":[{"href":"https:\/\/nazarenonews.com.br\/index.php\/wp-json\/wp\/v2\/types\/post"}],"author":[{"embeddable":true,"href":"https:\/\/nazarenonews.com.br\/index.php\/wp-json\/wp\/v2\/users\/2"}],"replies":[{"embeddable":true,"href":"https:\/\/nazarenonews.com.br\/index.php\/wp-json\/wp\/v2\/comments?post=2597"}],"version-history":[{"count":1,"href":"https:\/\/nazarenonews.com.br\/index.php\/wp-json\/wp\/v2\/posts\/2597\/revisions"}],"predecessor-version":[{"id":2599,"href":"https:\/\/nazarenonews.com.br\/index.php\/wp-json\/wp\/v2\/posts\/2597\/revisions\/2599"}],"wp:featuredmedia":[{"embeddable":true,"href":"https:\/\/nazarenonews.com.br\/index.php\/wp-json\/wp\/v2\/media\/2598"}],"wp:attachment":[{"href":"https:\/\/nazarenonews.com.br\/index.php\/wp-json\/wp\/v2\/media?parent=2597"}],"wp:term":[{"taxonomy":"category","embeddable":true,"href":"https:\/\/nazarenonews.com.br\/index.php\/wp-json\/wp\/v2\/categories?post=2597"},{"taxonomy":"post_tag","embeddable":true,"href":"https:\/\/nazarenonews.com.br\/index.php\/wp-json\/wp\/v2\/tags?post=2597"}],"curies":[{"name":"wp","href":"https:\/\/api.w.org\/{rel}","templated":true}]}}