{"id":2594,"date":"2024-08-30T07:40:42","date_gmt":"2024-08-30T11:40:42","guid":{"rendered":"https:\/\/nazarenonews.com.br\/?p=2594"},"modified":"2024-08-30T07:40:42","modified_gmt":"2024-08-30T11:40:42","slug":"dois-homens-sao-soterrados-durante-trabalho-em-rede-de-esgoto-em-mt-um-morreu","status":"publish","type":"post","link":"https:\/\/nazarenonews.com.br\/index.php\/2024\/08\/30\/dois-homens-sao-soterrados-durante-trabalho-em-rede-de-esgoto-em-mt-um-morreu\/","title":{"rendered":"Dois homens s\u00e3o soterrados durante trabalho em rede de esgoto em MT; um morreu"},"content":{"rendered":"\n<p>Um homem identificado como&nbsp;<strong>Robson Assun\u00e7\u00e3o da Silva<\/strong>, de 36 anos, morreu soterrado durante a execu\u00e7\u00e3o de uma obra hidrossanit\u00e1ria, no bairro Osmar Cabral, em&nbsp;<a class=\"\" href=\"https:\/\/g1.globo.com\/mt\/mato-grosso\/cidade\/cuiaba\/\">Cuiab\u00e1<\/a>, nesta quinta-feira (29). Outro trabalhador, identificado como Leonardo Daghetti da Silva, foi socorrido e encaminhado ao Pronto Socorro.<\/p>\n\n\n\n<p>O Corpo de Bombeiros foi acionado pelo Centro Integrado de Opera\u00e7\u00f5es de Seguran\u00e7a P\u00fablica (Ciosp), ap\u00f3s solicita\u00e7\u00f5es de testemunhas, que relataram que os&nbsp;dois homens trabalhavam na abertura de uma rede de esgoto quando parte do aterro cedeu sobre eles.<\/p>\n\n\n\n<p>Ao chegar no local, a equipe iniciou a remo\u00e7\u00e3o do aterro que estava sobre os trabalhadores. Ap\u00f3s a retirada das v\u00edtimas, os militares realizaram tentativas de salvamento por meio de procedimentos de reanima\u00e7\u00e3o cardiopulmonar at\u00e9 a chegada do Servi\u00e7o de Atendimento M\u00f3vel de Urg\u00eancia (Samu).<\/p>\n\n\n\n<p>Leonardo respondeu aos procedimentos de reanima\u00e7\u00e3o, j\u00e1&nbsp;<strong>Robson teve o \u00f3bito confirmado pelo Samu ainda no local<\/strong>.<\/p>\n\n\n\n<p>A Politec e o IML tamb\u00e9m compareceram para realizar os procedimentos relacionados \u00e0 ocorr\u00eancia.<\/p>\n\n\n\n<p>G1-MT<\/p>\n","protected":false},"excerpt":{"rendered":"<p>Um homem identificado como&nbsp;Robson Assun\u00e7\u00e3o da Silva, de 36 anos, morreu soterrado durante a execu\u00e7\u00e3o de uma obra hidrossanit\u00e1ria, no bairro Osmar Cabral, em&nbsp;Cuiab\u00e1, nesta quinta-feira (29). Outro trabalhador, identificado como Leonardo Daghetti da Silva, foi socorrido e encaminhado ao Pronto Socorro. O Corpo de Bombeiros foi acionado pelo Centro Integrado de Opera\u00e7\u00f5es de Seguran\u00e7a [&hellip;]<\/p>\n","protected":false},"author":2,"featured_media":2595,"comment_status":"closed","ping_status":"closed","sticky":false,"template":"","format":"standard","meta":{"_monsterinsights_skip_tracking":false,"_monsterinsights_sitenote_active":false,"_monsterinsights_sitenote_note":"","_monsterinsights_sitenote_category":0,"footnotes":""},"categories":[1],"tags":[],"_links":{"self":[{"href":"https:\/\/nazarenonews.com.br\/index.php\/wp-json\/wp\/v2\/posts\/2594"}],"collection":[{"href":"https:\/\/nazarenonews.com.br\/index.php\/wp-json\/wp\/v2\/posts"}],"about":[{"href":"https:\/\/nazarenonews.com.br\/index.php\/wp-json\/wp\/v2\/types\/post"}],"author":[{"embeddable":true,"href":"https:\/\/nazarenonews.com.br\/index.php\/wp-json\/wp\/v2\/users\/2"}],"replies":[{"embeddable":true,"href":"https:\/\/nazarenonews.com.br\/index.php\/wp-json\/wp\/v2\/comments?post=2594"}],"version-history":[{"count":1,"href":"https:\/\/nazarenonews.com.br\/index.php\/wp-json\/wp\/v2\/posts\/2594\/revisions"}],"predecessor-version":[{"id":2596,"href":"https:\/\/nazarenonews.com.br\/index.php\/wp-json\/wp\/v2\/posts\/2594\/revisions\/2596"}],"wp:featuredmedia":[{"embeddable":true,"href":"https:\/\/nazarenonews.com.br\/index.php\/wp-json\/wp\/v2\/media\/2595"}],"wp:attachment":[{"href":"https:\/\/nazarenonews.com.br\/index.php\/wp-json\/wp\/v2\/media?parent=2594"}],"wp:term":[{"taxonomy":"category","embeddable":true,"href":"https:\/\/nazarenonews.com.br\/index.php\/wp-json\/wp\/v2\/categories?post=2594"},{"taxonomy":"post_tag","embeddable":true,"href":"https:\/\/nazarenonews.com.br\/index.php\/wp-json\/wp\/v2\/tags?post=2594"}],"curies":[{"name":"wp","href":"https:\/\/api.w.org\/{rel}","templated":true}]}}