{"id":2591,"date":"2024-08-29T17:50:31","date_gmt":"2024-08-29T21:50:31","guid":{"rendered":"https:\/\/nazarenonews.com.br\/?p=2591"},"modified":"2024-08-29T17:50:31","modified_gmt":"2024-08-29T21:50:31","slug":"processo-seletivo-oferece-mais-de-2-mil-vagas-para-educacao-em-mt","status":"publish","type":"post","link":"https:\/\/nazarenonews.com.br\/index.php\/2024\/08\/29\/processo-seletivo-oferece-mais-de-2-mil-vagas-para-educacao-em-mt\/","title":{"rendered":"Processo seletivo oferece mais de 2 mil vagas para Educa\u00e7\u00e3o em MT"},"content":{"rendered":"\n<p>A Prefeitura de&nbsp;<a class=\"\" href=\"https:\/\/g1.globo.com\/mt\/mato-grosso\/cidade\/cuiaba\/\">Cuiab\u00e1<\/a>&nbsp;abriu inscri\u00e7\u00f5es para um processo seletivo com 2.015 vagas de n\u00edvel m\u00e9dio, t\u00e9cnico e superior para profissionais da educa\u00e7\u00e3o. Conforme o edital, as inscri\u00e7\u00f5es terminam no dia 30 de setembro, e podem&nbsp;<a class=\"\" href=\"https:\/\/selecon.org.br\/\" target=\"_blank\" rel=\"noreferrer noopener\">ser feitas pela internet.<\/a><\/p>\n\n\n\n<p>Os sal\u00e1rios variam entre R$ 1.728,60 a R$ 5.143,61,&nbsp;com oportunidades para cadastro reserva e cargas hor\u00e1rias de 20 a 30 horas semanais.&nbsp;A taxa de inscri\u00e7\u00e3o \u00e9 de R$ 75 para cargos de n\u00edvel m\u00e9dio e t\u00e9cnico, e R$ 85 para n\u00edvel superior.<\/p>\n\n\n\n<p>O processo ser\u00e1 composto por prova objetiva e an\u00e1lise de t\u00edtulos para cargos de ensino superior.\u00a0<strong>O seletivo ter\u00e1 dura\u00e7\u00e3o at\u00e9 dezembro de 2025.<\/strong><\/p>\n\n\n\n<p>G1-MT<\/p>\n","protected":false},"excerpt":{"rendered":"<p>A Prefeitura de&nbsp;Cuiab\u00e1&nbsp;abriu inscri\u00e7\u00f5es para um processo seletivo com 2.015 vagas de n\u00edvel m\u00e9dio, t\u00e9cnico e superior para profissionais da educa\u00e7\u00e3o. Conforme o edital, as inscri\u00e7\u00f5es terminam no dia 30 de setembro, e podem&nbsp;ser feitas pela internet. Os sal\u00e1rios variam entre R$ 1.728,60 a R$ 5.143,61,&nbsp;com oportunidades para cadastro reserva e cargas hor\u00e1rias de 20 [&hellip;]<\/p>\n","protected":false},"author":2,"featured_media":2592,"comment_status":"closed","ping_status":"closed","sticky":false,"template":"","format":"standard","meta":{"_monsterinsights_skip_tracking":false,"_monsterinsights_sitenote_active":false,"_monsterinsights_sitenote_note":"","_monsterinsights_sitenote_category":0,"footnotes":""},"categories":[1],"tags":[],"_links":{"self":[{"href":"https:\/\/nazarenonews.com.br\/index.php\/wp-json\/wp\/v2\/posts\/2591"}],"collection":[{"href":"https:\/\/nazarenonews.com.br\/index.php\/wp-json\/wp\/v2\/posts"}],"about":[{"href":"https:\/\/nazarenonews.com.br\/index.php\/wp-json\/wp\/v2\/types\/post"}],"author":[{"embeddable":true,"href":"https:\/\/nazarenonews.com.br\/index.php\/wp-json\/wp\/v2\/users\/2"}],"replies":[{"embeddable":true,"href":"https:\/\/nazarenonews.com.br\/index.php\/wp-json\/wp\/v2\/comments?post=2591"}],"version-history":[{"count":1,"href":"https:\/\/nazarenonews.com.br\/index.php\/wp-json\/wp\/v2\/posts\/2591\/revisions"}],"predecessor-version":[{"id":2593,"href":"https:\/\/nazarenonews.com.br\/index.php\/wp-json\/wp\/v2\/posts\/2591\/revisions\/2593"}],"wp:featuredmedia":[{"embeddable":true,"href":"https:\/\/nazarenonews.com.br\/index.php\/wp-json\/wp\/v2\/media\/2592"}],"wp:attachment":[{"href":"https:\/\/nazarenonews.com.br\/index.php\/wp-json\/wp\/v2\/media?parent=2591"}],"wp:term":[{"taxonomy":"category","embeddable":true,"href":"https:\/\/nazarenonews.com.br\/index.php\/wp-json\/wp\/v2\/categories?post=2591"},{"taxonomy":"post_tag","embeddable":true,"href":"https:\/\/nazarenonews.com.br\/index.php\/wp-json\/wp\/v2\/tags?post=2591"}],"curies":[{"name":"wp","href":"https:\/\/api.w.org\/{rel}","templated":true}]}}