{"id":2579,"date":"2024-08-29T07:27:32","date_gmt":"2024-08-29T11:27:32","guid":{"rendered":"https:\/\/nazarenonews.com.br\/?p=2579"},"modified":"2024-08-29T07:27:33","modified_gmt":"2024-08-29T11:27:33","slug":"homem-morre-eletrocutado-ao-cortar-arvore-em-residencia-de-vg","status":"publish","type":"post","link":"https:\/\/nazarenonews.com.br\/index.php\/2024\/08\/29\/homem-morre-eletrocutado-ao-cortar-arvore-em-residencia-de-vg\/","title":{"rendered":"Homem morre eletrocutado ao cortar \u00e1rvore em resid\u00eancia de VG"},"content":{"rendered":"\n<p>Um homem ainda, n\u00e3o identificado, morreu eletrocutado na manh\u00e3 desta quarta-feira (28.08), enquanto cortava uma \u00e1rvore em uma resid\u00eancia na rua Ari Coelho, pr\u00f3ximo ao Atacad\u00e3o das Carnes, no bairro Cristo Rei, em V\u00e1rzea Grande.<\/p>\n\n\n\n<p>O comandante do 25\u00ba Batalh\u00e3o da Pol\u00edcia Militar, tenente-coronel\u00a0Rhuyter, informou ao\u00a0Vg Not\u00edcias \u00a0que a v\u00edtima \u00e9 um rapaz e havia sido contratado pela propriet\u00e1ria da resid\u00eancia para podar a \u00e1rvore. Segundo o comandante, o rapaz estava usando uma motosserra e nem chegou a encostar no fio, mas devido \u00e0 alta tens\u00e3o ele acabou recebendo a descarga el\u00e9trica.\u00a0<\/p>\n\n\n\n<p>O Servi\u00e7o de Atendimento M\u00f3vel de Urg\u00eancia (Samu) e Corpo de Bombeiros (CBM) foram acionados. No local, os socorristas constataram a morte da v\u00edtima.<\/p>\n\n\n\n<p>As equipes da Per\u00edcia Oficial e Identifica\u00e7\u00e3o T\u00e9cnica (Politec) e Pol\u00edcia Civil foram acionadas para dar continuidade na ocorr\u00eancia.<\/p>\n\n\n\n<p>Vg Not\u00edcias <\/p>\n","protected":false},"excerpt":{"rendered":"<p>Um homem ainda, n\u00e3o identificado, morreu eletrocutado na manh\u00e3 desta quarta-feira (28.08), enquanto cortava uma \u00e1rvore em uma resid\u00eancia na rua Ari Coelho, pr\u00f3ximo ao Atacad\u00e3o das Carnes, no bairro Cristo Rei, em V\u00e1rzea Grande. O comandante do 25\u00ba Batalh\u00e3o da Pol\u00edcia Militar, tenente-coronel\u00a0Rhuyter, informou ao\u00a0Vg Not\u00edcias \u00a0que a v\u00edtima \u00e9 um rapaz e havia [&hellip;]<\/p>\n","protected":false},"author":2,"featured_media":2580,"comment_status":"closed","ping_status":"closed","sticky":false,"template":"","format":"standard","meta":{"_monsterinsights_skip_tracking":false,"_monsterinsights_sitenote_active":false,"_monsterinsights_sitenote_note":"","_monsterinsights_sitenote_category":0,"footnotes":""},"categories":[1],"tags":[],"_links":{"self":[{"href":"https:\/\/nazarenonews.com.br\/index.php\/wp-json\/wp\/v2\/posts\/2579"}],"collection":[{"href":"https:\/\/nazarenonews.com.br\/index.php\/wp-json\/wp\/v2\/posts"}],"about":[{"href":"https:\/\/nazarenonews.com.br\/index.php\/wp-json\/wp\/v2\/types\/post"}],"author":[{"embeddable":true,"href":"https:\/\/nazarenonews.com.br\/index.php\/wp-json\/wp\/v2\/users\/2"}],"replies":[{"embeddable":true,"href":"https:\/\/nazarenonews.com.br\/index.php\/wp-json\/wp\/v2\/comments?post=2579"}],"version-history":[{"count":1,"href":"https:\/\/nazarenonews.com.br\/index.php\/wp-json\/wp\/v2\/posts\/2579\/revisions"}],"predecessor-version":[{"id":2581,"href":"https:\/\/nazarenonews.com.br\/index.php\/wp-json\/wp\/v2\/posts\/2579\/revisions\/2581"}],"wp:featuredmedia":[{"embeddable":true,"href":"https:\/\/nazarenonews.com.br\/index.php\/wp-json\/wp\/v2\/media\/2580"}],"wp:attachment":[{"href":"https:\/\/nazarenonews.com.br\/index.php\/wp-json\/wp\/v2\/media?parent=2579"}],"wp:term":[{"taxonomy":"category","embeddable":true,"href":"https:\/\/nazarenonews.com.br\/index.php\/wp-json\/wp\/v2\/categories?post=2579"},{"taxonomy":"post_tag","embeddable":true,"href":"https:\/\/nazarenonews.com.br\/index.php\/wp-json\/wp\/v2\/tags?post=2579"}],"curies":[{"name":"wp","href":"https:\/\/api.w.org\/{rel}","templated":true}]}}