{"id":2573,"date":"2024-08-29T07:11:17","date_gmt":"2024-08-29T11:11:17","guid":{"rendered":"https:\/\/nazarenonews.com.br\/?p=2573"},"modified":"2024-08-29T07:11:18","modified_gmt":"2024-08-29T11:11:18","slug":"morte-de-sargento-da-pm-completa-tres-meses-e-autor-do-crime-segue-foragido","status":"publish","type":"post","link":"https:\/\/nazarenonews.com.br\/index.php\/2024\/08\/29\/morte-de-sargento-da-pm-completa-tres-meses-e-autor-do-crime-segue-foragido\/","title":{"rendered":"Morte de sargento da PM completa tr\u00eas meses e autor do crime segue foragido"},"content":{"rendered":"\n<p>O assassinato do sargento da Pol\u00edcia Militar Odenil Alves Pedroso completa tr\u00eas meses nesta quarta-feira (28) sem que o assassino, identificado como Raffael Amorim de Brito, tenha sido preso. O crime foi registrado no dia 28 de maio deste ano.<\/p>\n\n\n\n<p>Odenil foi baleado na cabe\u00e7a em frente \u00e0 Unidade de Pronto Atendimento (UPA) do bairro Morada do Ouro, em Cuiab\u00e1. O policial estava comendo do outro lado da rua, em uma lanchonete, quando o assassino se aproximou em uma motocicleta e efetuou o disparo. Em seguida, o criminoso pegou a arma do militar e fugiu do local.<\/p>\n\n\n\n<p>O sargento chegou a ser socorrido de helic\u00f3ptero para o Hospital Municipal de Cuiab\u00e1 (HMC), mas morreu durante uma cirurgia de emerg\u00eancia. Odenil faleceu tr\u00eas dias antes do anivers\u00e1rio de 47 anos.<\/p>\n\n\n\n<p>Imediatamente, o comandante-geral da PM, coronel Alexandre Mendes, ordenou o in\u00edcio de uma \u201cca\u00e7ada sem precedentes\u201d pelas for\u00e7as de elite da pol\u00edcia e retornou do interior para a Capital.<\/p>\n\n\n\n<p>Poucas horas depois do crime, os investigadores da Pol\u00edcia Civil conseguiram identificar o executor. Raffael Amorim de Brito, de 28 anos, morava no bairro CPA 2, em Cuiab\u00e1. Ele tem dois mandados de pris\u00e3o em aberto, por roubo e extors\u00e3o mediante sequestro.<\/p>\n\n\n\n<p>Tr\u00eas criminosos que teriam dado aux\u00edlio na fuga do assassino foram mortos em confronto com a For\u00e7a T\u00e1tica em Sinop, na noite de 29 de maio. Eles foram identificados como: Lucas Leandro Rodrigues Silveira, 25 anos; Volney Santos Costa J\u00fanior, 32 anos; e Douglas Soares Batista, 36 anos.<\/p>\n\n\n\n<p>Em junho, perto de o crime completar dois meses, o secret\u00e1rio de Seguran\u00e7a P\u00fablica, C\u00e9sar Roveri, disse que as buscas continuariam at\u00e9 que o assassino fosse localizado.<\/p>\n\n\n\n<p><em><strong>&#8220;N\u00f3s n\u00e3o paramos, n\u00e3o vamos parar enquanto n\u00e3o encontrar. Tanto a Pol\u00edcia Militar quanto a Civil tem empenhado esfor\u00e7os para encontrar esse criminoso e n\u00f3s vamos encontrar&#8221;<\/strong><\/em>, declarou \u00e0 imprensa.<\/p>\n\n\n\n<p>No dia 28 de junho, o Governo do Estado divulgou um n\u00famero exclusivo para receber den\u00fancias sobre o paradeiro de Raffael. Uma recompensa de R$ 10 mil foi oferecida para quem colaborasse. O n\u00famero \u00e9 o&nbsp;<strong>(65) 9 8154-0551<\/strong>.<\/p>\n\n\n\n<p>No m\u00eas passado, em entrevista ao Conex\u00e3o Poder, o coronel Alexandre Mendes disse que as for\u00e7as de seguran\u00e7a j\u00e1 identificaram todos que deram cobertura \u00e0 fuga do assassino e que a pris\u00e3o estava pr\u00f3xima.<\/p>\n\n\n\n<p><strong><em>\u201cSabemos que tem um grupo de pessoas que est\u00e3o o protegendo, mantendo escondido. Sozinho ele n\u00e3o ficaria tanto tempo sem sair do local que ele est\u00e1 escondido. Os locais que ele ficou escondido por um per\u00edodo n\u00f3s identificamos obviamente conseguimos informa\u00e7\u00f5es de quem deu apoio a ele nessas fugas. Essas pessoas j\u00e1 foram todas identificadas\u201d<\/em><\/strong>, ressaltou.<\/p>\n\n\n\n<p>Na sua \u00faltima manifesta\u00e7\u00e3o p\u00fablica sobre o assunto, no dia 23 de julho, o governador Mauro Mendes prometeu que as for\u00e7as de seguran\u00e7a iriam at\u00e9 o inferno em busca do assassino de Odenil.<\/p>\n\n\n\n<p><strong><em>\u201cDescobrir o autor e identific\u00e1-lo n\u00e3o significa que a gente consiga prend\u00ea-lo neste determinado momento, mas pode ficar tranquilo que n\u00f3s vamos ca\u00e7\u00e1-lo at\u00e9 no quinto dos infernos\u201d<\/em><\/strong>, declarou.<\/p>\n\n\n\n<p>Na segunda-feira (26), foi publicada no Di\u00e1rio Oficial do Estado a promo\u00e7\u00e3o p\u00f3stuma de Odenil \u00e0 patente de subtenente. Al\u00e9m de ser uma homenagem ao PM morto, isso permite que a fam\u00edlia receba uma pens\u00e3o maior.<\/p>\n\n\n\n<p>Odenil deixou a vi\u00fava, Rafaely, com quem foi casado por 22 anos, e tr\u00eas filhos, sendo que a mais nova tem cinco anos de idade.<\/p>\n\n\n\n<p>Rep\u00f3rter MT<\/p>\n","protected":false},"excerpt":{"rendered":"<p>O assassinato do sargento da Pol\u00edcia Militar Odenil Alves Pedroso completa tr\u00eas meses nesta quarta-feira (28) sem que o assassino, identificado como Raffael Amorim de Brito, tenha sido preso. O crime foi registrado no dia 28 de maio deste ano. Odenil foi baleado na cabe\u00e7a em frente \u00e0 Unidade de Pronto Atendimento (UPA) do bairro [&hellip;]<\/p>\n","protected":false},"author":2,"featured_media":2574,"comment_status":"closed","ping_status":"closed","sticky":false,"template":"","format":"standard","meta":{"_monsterinsights_skip_tracking":false,"_monsterinsights_sitenote_active":false,"_monsterinsights_sitenote_note":"","_monsterinsights_sitenote_category":0,"footnotes":""},"categories":[1],"tags":[],"_links":{"self":[{"href":"https:\/\/nazarenonews.com.br\/index.php\/wp-json\/wp\/v2\/posts\/2573"}],"collection":[{"href":"https:\/\/nazarenonews.com.br\/index.php\/wp-json\/wp\/v2\/posts"}],"about":[{"href":"https:\/\/nazarenonews.com.br\/index.php\/wp-json\/wp\/v2\/types\/post"}],"author":[{"embeddable":true,"href":"https:\/\/nazarenonews.com.br\/index.php\/wp-json\/wp\/v2\/users\/2"}],"replies":[{"embeddable":true,"href":"https:\/\/nazarenonews.com.br\/index.php\/wp-json\/wp\/v2\/comments?post=2573"}],"version-history":[{"count":1,"href":"https:\/\/nazarenonews.com.br\/index.php\/wp-json\/wp\/v2\/posts\/2573\/revisions"}],"predecessor-version":[{"id":2575,"href":"https:\/\/nazarenonews.com.br\/index.php\/wp-json\/wp\/v2\/posts\/2573\/revisions\/2575"}],"wp:featuredmedia":[{"embeddable":true,"href":"https:\/\/nazarenonews.com.br\/index.php\/wp-json\/wp\/v2\/media\/2574"}],"wp:attachment":[{"href":"https:\/\/nazarenonews.com.br\/index.php\/wp-json\/wp\/v2\/media?parent=2573"}],"wp:term":[{"taxonomy":"category","embeddable":true,"href":"https:\/\/nazarenonews.com.br\/index.php\/wp-json\/wp\/v2\/categories?post=2573"},{"taxonomy":"post_tag","embeddable":true,"href":"https:\/\/nazarenonews.com.br\/index.php\/wp-json\/wp\/v2\/tags?post=2573"}],"curies":[{"name":"wp","href":"https:\/\/api.w.org\/{rel}","templated":true}]}}