{"id":25727,"date":"2026-09-05T17:38:51","date_gmt":"2026-09-05T21:38:51","guid":{"rendered":"https:\/\/nazarenonews.com.br\/?p=25727"},"modified":"2026-09-05T17:38:52","modified_gmt":"2026-09-05T21:38:52","slug":"playboy-da-bmw-que-matou-motociclista-em-cuiaba-tentou-fugir-pela-janela-durante-prisao","status":"publish","type":"post","link":"https:\/\/nazarenonews.com.br\/index.php\/2026\/09\/05\/playboy-da-bmw-que-matou-motociclista-em-cuiaba-tentou-fugir-pela-janela-durante-prisao\/","title":{"rendered":"Playboy da BMW que matou motociclista em Cuiab\u00e1 tentou fugir pela janela durante pris\u00e3o\u00a0"},"content":{"rendered":"\n<p>Herc\u00edlio Junio Freitas Cordeiro, de 22 anos, tentou fugir pela janela de casa ao ser abordado pela Pol\u00edcia Civil na manh\u00e3 deste s\u00e1bado (5), no condom\u00ednio Belvedere, em Cuiab\u00e1.<\/p>\n\n\n\n<p>Ele foi preso preventivamente pela Delegacia Especializada de Delitos de Tr\u00e2nsito (Deletran), por determina\u00e7\u00e3o da Justi\u00e7a, e vai responder por homic\u00eddio doloso pela morte do motociclista Paulo Messias Sim\u00e3o da Costa, de 23 anos, atropelado na madrugada de domingo (30), na Avenida Isaac P\u00f3voas.<\/p>\n\n\n\n<p>A audi\u00eancia de cust\u00f3dia est\u00e1 prevista para ocorrer ainda neste s\u00e1bado.<\/p>\n\n\n\n<p>De acordo com o delegado Christian Cabral, da Deletran, os policiais cercaram a resid\u00eancia antes de anunciar o cumprimento do mandado.<\/p>\n\n\n\n<p><em><strong>&#8220;Ap\u00f3s fazermos o cerco da resid\u00eancia, batemos na porta e informamos que est\u00e1vamos ali para cumprir o mandado. Inicialmente, ele tentou sair pela janela do im\u00f3vel, mas viu que a casa estava cercada e abriu a porta. Em seguida, tentou usar de for\u00e7a f\u00edsica para impedir a deten\u00e7\u00e3o&#8221;<\/strong><\/em>, disse em entrevista \u00e0 TV Centro Am\u00e9rica.<\/p>\n\n\n\n<p>Consta no boletim de ocorr\u00eancia que Herc\u00edlio precisou ser imobilizado pelos policiais e algemado para ser conduzido.<\/p>\n\n\n\n<p>Herc\u00edlio \u00e9 investigado pela morte de Paulo Messias, atropelado na madrugada de domingo, na Avenida Isaac P\u00f3voas, uma das principais vias de Cuiab\u00e1. Segundo a Pol\u00edcia Civil, o motorista havia ingerido bebida alco\u00f3lica antes de dirigir a BMW, n\u00e3o possu\u00eda Carteira Nacional de Habilita\u00e7\u00e3o (CNH) e chegou a trafegar a at\u00e9 177 km\/h.<\/p>\n\n\n\n<p>Cerca de 700 metros antes de atingir Paulo, o motorista atropelou outro motociclista, que ficou ferido.<\/p>\n\n\n\n<p>A investiga\u00e7\u00e3o aponta que Herc\u00edlio avan\u00e7ou os sem\u00e1foros, atingiu os motociclistas e saiu sem prestar socorro \u00e0s duas v\u00edtimas.<\/p>\n\n\n\n<p>Depois, abandonou a BMW em frente ao Hospital Estadual Santa Casa e fugiu a p\u00e9.<\/p>\n\n\n\n<p>Para a Pol\u00edcia Civil, os atropelamentos poderiam ter sido evitados. A investiga\u00e7\u00e3o aponta que havia duas faixas livres na avenida, permitindo ao motorista realizar manobras para evitar as motocicletas. Mesmo assim, ele teria seguido em dire\u00e7\u00e3o \u00e0s v\u00edtimas sem adotar medidas para impedir as batidas.<\/p>\n\n\n\n<p>A Pol\u00edcia Civil pediu a pris\u00e3o preventiva e sustenta que a conduta caracteriza homic\u00eddio doloso, previsto no artigo 121 do C\u00f3digo Penal, porque Herc\u00edlio teria assumido o risco de provocar a morte ao dirigir ap\u00f3s ingerir bebida alco\u00f3lica, em alta velocidade, sem CNH e desrespeitando a sinaliza\u00e7\u00e3o.<\/p>\n\n\n\n<p>Herc\u00edlio havia se apresentado \u00e0 Deletran na noite de quinta-feira (3) e novamente na manh\u00e3 de sexta-feira (4), quando foi interrogado. Ele permaneceu em sil\u00eancio durante o depoimento.<\/p>\n\n\n\n<p>A companheira dele, intimada como testemunha, n\u00e3o compareceu \u00e0 delegacia, e a Pol\u00edcia Civil investiga se ela pode ter sido coagida a n\u00e3o depor contra ele.<\/p>\n\n\n\n<p>Al\u00e9m dos atropelamentos, Herc\u00edlio possui um hist\u00f3rico recente de viol\u00eancia dom\u00e9stica. Em abril deste ano, ele foi preso em flagrante em Goi\u00e2nia (GO), ap\u00f3s a ent\u00e3o esposa relatar que havia sido agredida com socos e chutes, enforcada e amea\u00e7ada de morte. Segundo o registro policial, ele tamb\u00e9m teria puxado os cabelos dela e quebrado o celular. O processo tramita na Justi\u00e7a de Goi\u00e1s.<\/p>\n\n\n\n<p>Rep\u00f3rter MT<\/p>\n\n\n\n<p><\/p>\n","protected":false},"excerpt":{"rendered":"<p>Herc\u00edlio Junio Freitas Cordeiro, de 22 anos, tentou fugir pela janela de casa ao ser abordado pela Pol\u00edcia Civil na manh\u00e3 deste s\u00e1bado (5), no condom\u00ednio Belvedere, em Cuiab\u00e1. Ele foi preso preventivamente pela Delegacia Especializada de Delitos de Tr\u00e2nsito (Deletran), por determina\u00e7\u00e3o da Justi\u00e7a, e vai responder por homic\u00eddio doloso pela morte do motociclista [&hellip;]<\/p>\n","protected":false},"author":2,"featured_media":25728,"comment_status":"closed","ping_status":"closed","sticky":false,"template":"","format":"standard","meta":{"_monsterinsights_skip_tracking":false,"footnotes":""},"categories":[1],"tags":[],"_links":{"self":[{"href":"https:\/\/nazarenonews.com.br\/index.php\/wp-json\/wp\/v2\/posts\/25727"}],"collection":[{"href":"https:\/\/nazarenonews.com.br\/index.php\/wp-json\/wp\/v2\/posts"}],"about":[{"href":"https:\/\/nazarenonews.com.br\/index.php\/wp-json\/wp\/v2\/types\/post"}],"author":[{"embeddable":true,"href":"https:\/\/nazarenonews.com.br\/index.php\/wp-json\/wp\/v2\/users\/2"}],"replies":[{"embeddable":true,"href":"https:\/\/nazarenonews.com.br\/index.php\/wp-json\/wp\/v2\/comments?post=25727"}],"version-history":[{"count":1,"href":"https:\/\/nazarenonews.com.br\/index.php\/wp-json\/wp\/v2\/posts\/25727\/revisions"}],"predecessor-version":[{"id":25729,"href":"https:\/\/nazarenonews.com.br\/index.php\/wp-json\/wp\/v2\/posts\/25727\/revisions\/25729"}],"wp:featuredmedia":[{"embeddable":true,"href":"https:\/\/nazarenonews.com.br\/index.php\/wp-json\/wp\/v2\/media\/25728"}],"wp:attachment":[{"href":"https:\/\/nazarenonews.com.br\/index.php\/wp-json\/wp\/v2\/media?parent=25727"}],"wp:term":[{"taxonomy":"category","embeddable":true,"href":"https:\/\/nazarenonews.com.br\/index.php\/wp-json\/wp\/v2\/categories?post=25727"},{"taxonomy":"post_tag","embeddable":true,"href":"https:\/\/nazarenonews.com.br\/index.php\/wp-json\/wp\/v2\/tags?post=25727"}],"curies":[{"name":"wp","href":"https:\/\/api.w.org\/{rel}","templated":true}]}}