{"id":25721,"date":"2026-09-05T11:33:53","date_gmt":"2026-09-05T15:33:53","guid":{"rendered":"https:\/\/nazarenonews.com.br\/?p=25721"},"modified":"2026-09-05T11:33:53","modified_gmt":"2026-09-05T15:33:53","slug":"homem-e-sequestrado-e-espancado-com-pedacos-de-madeira","status":"publish","type":"post","link":"https:\/\/nazarenonews.com.br\/index.php\/2026\/09\/05\/homem-e-sequestrado-e-espancado-com-pedacos-de-madeira\/","title":{"rendered":"Homem \u00e9 sequestrado e espancado com peda\u00e7os de madeira"},"content":{"rendered":"\n<p>Dois homens, ambos de 20 anos, foram presos em flagrante pela Pol\u00edcia Civil na quinta-feira (3), em Ros\u00e1rio Oeste (a 103 km de Cuiab\u00e1), suspeitos de sequestrar e espancar um homem de 34 anos durante uma cobran\u00e7a de d\u00edvida relacionada \u00e0 compra de drogas.<\/p>\n\n\n\n<p>Segundo as investiga\u00e7\u00f5es, a v\u00edtima estava em sua resid\u00eancia quando foi abordada pelos suspeitos. Ela teria sido obrigada a entrar em um ve\u00edculo e levada para uma regi\u00e3o isolada, pr\u00f3xima ao acesso ao lix\u00e3o municipal.<\/p>\n\n\n\n<p>No local, conforme apurado pela Pol\u00edcia Civil, o homem foi violentamente agredido com peda\u00e7os de madeira. A motiva\u00e7\u00e3o seria uma d\u00edvida de apenas R$ 100 referente \u00e0 aquisi\u00e7\u00e3o de entorpecentes.<\/p>\n\n\n\n<p>As agress\u00f5es provocaram fraturas e diversas les\u00f5es pelo corpo da v\u00edtima. Ap\u00f3s receber os primeiros atendimentos m\u00e9dicos em Ros\u00e1rio Oeste, o homem precisou ser transferido para uma unidade hospitalar de V\u00e1rzea Grande, onde passou por procedimento cir\u00fargico.<\/p>\n\n\n\n<p>A Pol\u00edcia Civil iniciou as dilig\u00eancias depois de tomar conhecimento de que a v\u00edtima havia sido encaminhada para atendimento m\u00e9dico. A equipe da Delegacia de Ros\u00e1rio Oeste passou a trabalhar na identifica\u00e7\u00e3o e localiza\u00e7\u00e3o dos respons\u00e1veis pelo crime.<\/p>\n\n\n\n<p>As primeiras informa\u00e7\u00f5es levantadas pelos investigadores apontam que a viol\u00eancia pode estar relacionada \u00e0 atua\u00e7\u00e3o de um grupo criminoso. A Pol\u00edcia Civil ainda apura se outras pessoas participaram do sequestro e das agress\u00f5es.<\/p>\n\n\n\n<p>Os dois suspeitos foram localizados e presos pela equipe policial. Depois da pris\u00e3o, eles foram encaminhados \u00e0 unidade policial, onde foram realizados os procedimentos legais.<\/p>\n\n\n\n<p>A investiga\u00e7\u00e3o permanece em andamento para esclarecer toda a din\u00e2mica do crime, identificar eventuais outros envolvidos e verificar a participa\u00e7\u00e3o do grupo criminoso no epis\u00f3dio.<\/p>\n\n\n\n<p>Folha do Estado<\/p>\n","protected":false},"excerpt":{"rendered":"<p>Dois homens, ambos de 20 anos, foram presos em flagrante pela Pol\u00edcia Civil na quinta-feira (3), em Ros\u00e1rio Oeste (a 103 km de Cuiab\u00e1), suspeitos de sequestrar e espancar um homem de 34 anos durante uma cobran\u00e7a de d\u00edvida relacionada \u00e0 compra de drogas. Segundo as investiga\u00e7\u00f5es, a v\u00edtima estava em sua resid\u00eancia quando foi [&hellip;]<\/p>\n","protected":false},"author":2,"featured_media":25722,"comment_status":"closed","ping_status":"closed","sticky":false,"template":"","format":"standard","meta":{"_monsterinsights_skip_tracking":false,"footnotes":""},"categories":[36,51,1],"tags":[],"_links":{"self":[{"href":"https:\/\/nazarenonews.com.br\/index.php\/wp-json\/wp\/v2\/posts\/25721"}],"collection":[{"href":"https:\/\/nazarenonews.com.br\/index.php\/wp-json\/wp\/v2\/posts"}],"about":[{"href":"https:\/\/nazarenonews.com.br\/index.php\/wp-json\/wp\/v2\/types\/post"}],"author":[{"embeddable":true,"href":"https:\/\/nazarenonews.com.br\/index.php\/wp-json\/wp\/v2\/users\/2"}],"replies":[{"embeddable":true,"href":"https:\/\/nazarenonews.com.br\/index.php\/wp-json\/wp\/v2\/comments?post=25721"}],"version-history":[{"count":1,"href":"https:\/\/nazarenonews.com.br\/index.php\/wp-json\/wp\/v2\/posts\/25721\/revisions"}],"predecessor-version":[{"id":25723,"href":"https:\/\/nazarenonews.com.br\/index.php\/wp-json\/wp\/v2\/posts\/25721\/revisions\/25723"}],"wp:featuredmedia":[{"embeddable":true,"href":"https:\/\/nazarenonews.com.br\/index.php\/wp-json\/wp\/v2\/media\/25722"}],"wp:attachment":[{"href":"https:\/\/nazarenonews.com.br\/index.php\/wp-json\/wp\/v2\/media?parent=25721"}],"wp:term":[{"taxonomy":"category","embeddable":true,"href":"https:\/\/nazarenonews.com.br\/index.php\/wp-json\/wp\/v2\/categories?post=25721"},{"taxonomy":"post_tag","embeddable":true,"href":"https:\/\/nazarenonews.com.br\/index.php\/wp-json\/wp\/v2\/tags?post=25721"}],"curies":[{"name":"wp","href":"https:\/\/api.w.org\/{rel}","templated":true}]}}