{"id":25711,"date":"2026-09-04T10:08:42","date_gmt":"2026-09-04T14:08:42","guid":{"rendered":"https:\/\/nazarenonews.com.br\/?p=25711"},"modified":"2026-09-04T10:08:43","modified_gmt":"2026-09-04T14:08:43","slug":"motorista-de-bmw-que-matou-jovem-em-acidente-se-apresenta-a-policia-mas-e-liberado","status":"publish","type":"post","link":"https:\/\/nazarenonews.com.br\/index.php\/2026\/09\/04\/motorista-de-bmw-que-matou-jovem-em-acidente-se-apresenta-a-policia-mas-e-liberado\/","title":{"rendered":"Motorista de BMW que matou jovem em acidente se apresenta \u00e0 policia mas \u00e9 liberado"},"content":{"rendered":"\n<p>Herc\u00edlio Junio Freitas Cordeiro, de 22 anos, apontado pela Pol\u00edcia Civil como o motorista que teria provocado dois acidentes de tr\u00e2nsito na madrugada de domingo (30), em Cuiab\u00e1, se apresentou nesta quinta-feira (3) \u00e0 Delegacia Especializada de Delitos de Tr\u00e2nsito (Deletran).&nbsp;<\/p>\n\n\n\n<p>Um dos motociclistas envolvidos nas colis\u00f5es morreu no local. A v\u00edtima foi identificada como Paulo Messias Sim\u00e3o Costa, de 23 anos.<\/p>\n\n\n\n<p>Herc\u00edlio compareceu \u00e0 delegacia acompanhado de um advogado. Segundo a defesa, por\u00e9m, o jovem n\u00e3o prestou depoimento nesta quinta-feira por motivos que, conforme informado, seriam alheios \u00e0 vontade dele.<\/p>\n\n\n\n<p>Em nota, o advogado Willy Jacyntho Taborelli afirmou que a defesa j\u00e1 solicitou a designa\u00e7\u00e3o de uma nova data para o depoimento e que Herc\u00edlio permanece \u00e0 disposi\u00e7\u00e3o das autoridades.<\/p>\n\n\n\n<p>\u201cEm respeito \u00e0 investiga\u00e7\u00e3o em curso e \u00e0 fam\u00edlia enlutada, a defesa n\u00e3o comentar\u00e1 o conte\u00fado dos autos. Toda manifesta\u00e7\u00e3o ser\u00e1 feita perante as autoridades competentes\u201d, diz trecho da nota.<\/p>\n\n\n\n<p>Conforme as investiga\u00e7\u00f5es, Herc\u00edlio conduzia uma BMW azul pela avenida Isaac P\u00f3voas quando atingiu uma motocicleta no cruzamento com a avenida Presidente Marques, nas proximidades de uma unidade da Drogasil. O motociclista ficou ferido.<\/p>\n\n\n\n<p>Ap\u00f3s a primeira colis\u00e3o, o motorista teria continuado pela avenida Isaac P\u00f3voas, seguindo em dire\u00e7\u00e3o \u00e0 avenida Generoso Ponce.<\/p>\n\n\n\n<p>J\u00e1 no cruzamento com a rua Joaquim Murtinho, ele teria atingido outra motocicleta, conduzida por Paulo Messias.<\/p>\n\n\n\n<p>A for\u00e7a da batida provocou a morte do jovem, que n\u00e3o resistiu aos ferimentos e morreu ainda no local.<\/p>\n\n\n\n<p>Ap\u00f3s a segunda colis\u00e3o, segundo a pol\u00edcia, o motorista teria abandonado a BMW em frente ao Hospital Municipal Santa Casa e fugido a p\u00e9.<\/p>\n\n\n\n<p>Equipes da Pol\u00edcia Militar realizaram buscas pela regi\u00e3o, mas n\u00e3o conseguiram localizar Herc\u00edlio naquela ocasi\u00e3o.<\/p>\n\n\n\n<p>Durante as dilig\u00eancias, os policiais tamb\u00e9m localizaram a esposa do motorista, que estava na boate Nuun Garden.<\/p>\n\n\n\n<p>Segundo informa\u00e7\u00f5es repassadas \u00e0 pol\u00edcia, o casal estava no estabelecimento e teria consumido bebida alco\u00f3lica. Herc\u00edlio teria ficado alterado, quebrado um copo e sido retirado do local por seguran\u00e7as.<\/p>\n\n\n\n<p>Na sequ\u00eancia, ainda conforme o relato, ele teria deixado a boate dirigindo a BMW.<\/p>\n\n\n\n<p>A investiga\u00e7\u00e3o tamb\u00e9m aponta que Herc\u00edlio n\u00e3o possu\u00eda Carteira Nacional de Habilita\u00e7\u00e3o (CNH).<\/p>\n\n\n\n<p>A BMW envolvida nas colis\u00f5es foi retirada do local por um guincho e encaminhada ao p\u00e1tio da Secretaria de Mobilidade Urbana (Semob), devido a pend\u00eancias na documenta\u00e7\u00e3o.<\/p>\n\n\n\n<p>O caso \u00e9 investigado pela Pol\u00edcia Civil e foi registrado inicialmente como acidente de tr\u00e2nsito com danos materiais, omiss\u00e3o de socorro, les\u00e3o corporal e morte.<\/p>\n\n\n\n<p>Com a apresenta\u00e7\u00e3o do jovem, a investiga\u00e7\u00e3o dever\u00e1 avan\u00e7ar para esclarecer a din\u00e2mica das duas colis\u00f5es, as circunst\u00e2ncias que antecederam os acidentes e eventual responsabilidade criminal do motorista pela morte de Paulo Messias.<\/p>\n\n\n\n<p>Folha do Estado<\/p>\n","protected":false},"excerpt":{"rendered":"<p>Herc\u00edlio Junio Freitas Cordeiro, de 22 anos, apontado pela Pol\u00edcia Civil como o motorista que teria provocado dois acidentes de tr\u00e2nsito na madrugada de domingo (30), em Cuiab\u00e1, se apresentou nesta quinta-feira (3) \u00e0 Delegacia Especializada de Delitos de Tr\u00e2nsito (Deletran).&nbsp; Um dos motociclistas envolvidos nas colis\u00f5es morreu no local. A v\u00edtima foi identificada como [&hellip;]<\/p>\n","protected":false},"author":2,"featured_media":25712,"comment_status":"closed","ping_status":"closed","sticky":false,"template":"","format":"standard","meta":{"_monsterinsights_skip_tracking":false,"footnotes":""},"categories":[36,51,1],"tags":[],"_links":{"self":[{"href":"https:\/\/nazarenonews.com.br\/index.php\/wp-json\/wp\/v2\/posts\/25711"}],"collection":[{"href":"https:\/\/nazarenonews.com.br\/index.php\/wp-json\/wp\/v2\/posts"}],"about":[{"href":"https:\/\/nazarenonews.com.br\/index.php\/wp-json\/wp\/v2\/types\/post"}],"author":[{"embeddable":true,"href":"https:\/\/nazarenonews.com.br\/index.php\/wp-json\/wp\/v2\/users\/2"}],"replies":[{"embeddable":true,"href":"https:\/\/nazarenonews.com.br\/index.php\/wp-json\/wp\/v2\/comments?post=25711"}],"version-history":[{"count":1,"href":"https:\/\/nazarenonews.com.br\/index.php\/wp-json\/wp\/v2\/posts\/25711\/revisions"}],"predecessor-version":[{"id":25713,"href":"https:\/\/nazarenonews.com.br\/index.php\/wp-json\/wp\/v2\/posts\/25711\/revisions\/25713"}],"wp:featuredmedia":[{"embeddable":true,"href":"https:\/\/nazarenonews.com.br\/index.php\/wp-json\/wp\/v2\/media\/25712"}],"wp:attachment":[{"href":"https:\/\/nazarenonews.com.br\/index.php\/wp-json\/wp\/v2\/media?parent=25711"}],"wp:term":[{"taxonomy":"category","embeddable":true,"href":"https:\/\/nazarenonews.com.br\/index.php\/wp-json\/wp\/v2\/categories?post=25711"},{"taxonomy":"post_tag","embeddable":true,"href":"https:\/\/nazarenonews.com.br\/index.php\/wp-json\/wp\/v2\/tags?post=25711"}],"curies":[{"name":"wp","href":"https:\/\/api.w.org\/{rel}","templated":true}]}}