{"id":25708,"date":"2026-09-04T10:03:36","date_gmt":"2026-09-04T14:03:36","guid":{"rendered":"https:\/\/nazarenonews.com.br\/?p=25708"},"modified":"2026-09-04T10:03:36","modified_gmt":"2026-09-04T14:03:36","slug":"bandido-com-passagens-por-furto-e-morto-a-tiros-dentro-de-casa-em-jaciara","status":"publish","type":"post","link":"https:\/\/nazarenonews.com.br\/index.php\/2026\/09\/04\/bandido-com-passagens-por-furto-e-morto-a-tiros-dentro-de-casa-em-jaciara\/","title":{"rendered":"Bandido com passagens por furto \u00e9 morto a tiros dentro de casa em Jaciara"},"content":{"rendered":"\n<p>Elias Fernandes Guimar\u00e3es, de 47 anos, foi encontrado morto a tiros no fundo de uma resid\u00eancia, na manh\u00e3 dessa quinta-feira (3), em Jaciara (a 144 km de Cuiab\u00e1), em Mato Grosso. Conforme apurado pelo rep\u00f3rterMT, ele possu\u00eda passagens por furto e furto qualificado e havia sido preso em abril deste ano.<\/p>\n\n\n\n<p>De acordo com o boletim de ocorr\u00eancia, a Pol\u00edcia Militar foi acionada para dar apoio a uma equipe do Servi\u00e7o de Atendimento M\u00f3vel de Urg\u00eancia (Samu), que havia sido chamada para socorrer uma v\u00edtima de disparo de arma de fogo.<\/p>\n\n\n\n<p>Quando os policiais chegaram ao endere\u00e7o, os socorristas informaram que Elias j\u00e1 estava morto. O corpo foi localizado ca\u00eddo atr\u00e1s de um pequeno muro, nos fundos da resid\u00eancia.<\/p>\n\n\n\n<p>A \u00e1rea foi isolada e preservada pela Pol\u00edcia Militar at\u00e9 a chegada da Pol\u00edcia Judici\u00e1ria Civil e da Per\u00edcia Oficial e Identifica\u00e7\u00e3o T\u00e9cnica (Politec), que realizaram os procedimentos necess\u00e1rios e dever\u00e3o apurar as circunst\u00e2ncias e a motiva\u00e7\u00e3o do crime. At\u00e9 o momento, n\u00e3o h\u00e1 informa\u00e7\u00f5es sobre suspeitos ou sobre a din\u00e2mica do homic\u00eddio.<\/p>\n\n\n\n<p>rep\u00f3rterMT<\/p>\n","protected":false},"excerpt":{"rendered":"<p>Elias Fernandes Guimar\u00e3es, de 47 anos, foi encontrado morto a tiros no fundo de uma resid\u00eancia, na manh\u00e3 dessa quinta-feira (3), em Jaciara (a 144 km de Cuiab\u00e1), em Mato Grosso. Conforme apurado pelo rep\u00f3rterMT, ele possu\u00eda passagens por furto e furto qualificado e havia sido preso em abril deste ano. De acordo com o [&hellip;]<\/p>\n","protected":false},"author":2,"featured_media":25709,"comment_status":"closed","ping_status":"closed","sticky":false,"template":"","format":"standard","meta":{"_monsterinsights_skip_tracking":false,"footnotes":""},"categories":[36,51,1],"tags":[],"_links":{"self":[{"href":"https:\/\/nazarenonews.com.br\/index.php\/wp-json\/wp\/v2\/posts\/25708"}],"collection":[{"href":"https:\/\/nazarenonews.com.br\/index.php\/wp-json\/wp\/v2\/posts"}],"about":[{"href":"https:\/\/nazarenonews.com.br\/index.php\/wp-json\/wp\/v2\/types\/post"}],"author":[{"embeddable":true,"href":"https:\/\/nazarenonews.com.br\/index.php\/wp-json\/wp\/v2\/users\/2"}],"replies":[{"embeddable":true,"href":"https:\/\/nazarenonews.com.br\/index.php\/wp-json\/wp\/v2\/comments?post=25708"}],"version-history":[{"count":1,"href":"https:\/\/nazarenonews.com.br\/index.php\/wp-json\/wp\/v2\/posts\/25708\/revisions"}],"predecessor-version":[{"id":25710,"href":"https:\/\/nazarenonews.com.br\/index.php\/wp-json\/wp\/v2\/posts\/25708\/revisions\/25710"}],"wp:featuredmedia":[{"embeddable":true,"href":"https:\/\/nazarenonews.com.br\/index.php\/wp-json\/wp\/v2\/media\/25709"}],"wp:attachment":[{"href":"https:\/\/nazarenonews.com.br\/index.php\/wp-json\/wp\/v2\/media?parent=25708"}],"wp:term":[{"taxonomy":"category","embeddable":true,"href":"https:\/\/nazarenonews.com.br\/index.php\/wp-json\/wp\/v2\/categories?post=25708"},{"taxonomy":"post_tag","embeddable":true,"href":"https:\/\/nazarenonews.com.br\/index.php\/wp-json\/wp\/v2\/tags?post=25708"}],"curies":[{"name":"wp","href":"https:\/\/api.w.org\/{rel}","templated":true}]}}