{"id":25705,"date":"2026-09-04T09:54:47","date_gmt":"2026-09-04T13:54:47","guid":{"rendered":"https:\/\/nazarenonews.com.br\/?p=25705"},"modified":"2026-09-04T09:54:48","modified_gmt":"2026-09-04T13:54:48","slug":"motorista-abandonou-carro-de-luxo-apos-atropelar-ciclista-em-ciclofaixa","status":"publish","type":"post","link":"https:\/\/nazarenonews.com.br\/index.php\/2026\/09\/04\/motorista-abandonou-carro-de-luxo-apos-atropelar-ciclista-em-ciclofaixa\/","title":{"rendered":"motorista abandonou carro de luxo ap\u00f3s atropelar ciclista em ciclofaixa"},"content":{"rendered":"\n<p>O motorista que\u00a0atropelou e matou o ciclista Andr\u00e9 Luis Menezes da Silva em uma ciclofaixa\u00a0em\u00a0S\u00e3o Vicente, no litoral de S\u00e3o Paulo, foi filmado abandonando o carro a poucos quil\u00f4metros do local. Imagens do sistema de monitoramento registraram a a\u00e7\u00e3o do suspeito, que estava acompanhado de um passageiro (<em>assista acima).<\/em><\/p>\n\n\n\n<p>O acidente ocorreu na madrugada desta quinta-feira (3), na Rua Onze de Junho, no bairro Itarar\u00e9. Andr\u00e9 estava a caminho do trabalho de bicicleta quando foi atingido pelo carro e arremessado contra a fachada de um pr\u00e9dio. Segundo o Corpo de Bombeiros, ele teve m\u00faltiplos ferimentos e morreu no local.<\/p>\n\n\n\n<p>Ap\u00f3s o atropelamento, o motorista seguiu dirigindo at\u00e9 a Rua Campos Sales, no Centro, onde abandonou o autom\u00f3vel. C\u00e2meras de monitoramento mostram o momento em que ele deixa o carro.<\/p>\n\n\n\n<p>O primeiro a desembarcar foi o passageiro do autom\u00f3vel, que tirou os sapatos e parou no meio da rua enquanto aguardava o motorista. Momentos depois, o condutor tamb\u00e9m deixou o carro e seguiu a p\u00e9 na mesma dire\u00e7\u00e3o.<\/p>\n\n\n\n<p>Conforme apurado pela TV Tribuna, afiliada da Globo, uma garrafa de u\u00edsque foi encontrada dentro do autom\u00f3vel durante a per\u00edcia do ve\u00edculo.<\/p>\n\n\n\n<h2 class=\"wp-block-heading\">A v\u00edtima<\/h2>\n\n\n\n<p>Andr\u00e9 Luis Menezes da Silva completaria 46 anos no dia 15 de setembro. Ele era coletor de lixo e morava no bairro Parque Bitaru, mas estava a caminho do trabalho, em Santos, quando foi atingido.<\/p>\n\n\n\n<p>A v\u00edtima deixou uma filha de um ano do atual relacionamento e um filho adolescente do primeiro casamento.<\/p>\n\n\n\n<p>g1<\/p>\n","protected":false},"excerpt":{"rendered":"<p>O motorista que\u00a0atropelou e matou o ciclista Andr\u00e9 Luis Menezes da Silva em uma ciclofaixa\u00a0em\u00a0S\u00e3o Vicente, no litoral de S\u00e3o Paulo, foi filmado abandonando o carro a poucos quil\u00f4metros do local. Imagens do sistema de monitoramento registraram a a\u00e7\u00e3o do suspeito, que estava acompanhado de um passageiro (assista acima). O acidente ocorreu na madrugada desta [&hellip;]<\/p>\n","protected":false},"author":2,"featured_media":25706,"comment_status":"closed","ping_status":"closed","sticky":false,"template":"","format":"standard","meta":{"_monsterinsights_skip_tracking":false,"footnotes":""},"categories":[1],"tags":[],"_links":{"self":[{"href":"https:\/\/nazarenonews.com.br\/index.php\/wp-json\/wp\/v2\/posts\/25705"}],"collection":[{"href":"https:\/\/nazarenonews.com.br\/index.php\/wp-json\/wp\/v2\/posts"}],"about":[{"href":"https:\/\/nazarenonews.com.br\/index.php\/wp-json\/wp\/v2\/types\/post"}],"author":[{"embeddable":true,"href":"https:\/\/nazarenonews.com.br\/index.php\/wp-json\/wp\/v2\/users\/2"}],"replies":[{"embeddable":true,"href":"https:\/\/nazarenonews.com.br\/index.php\/wp-json\/wp\/v2\/comments?post=25705"}],"version-history":[{"count":1,"href":"https:\/\/nazarenonews.com.br\/index.php\/wp-json\/wp\/v2\/posts\/25705\/revisions"}],"predecessor-version":[{"id":25707,"href":"https:\/\/nazarenonews.com.br\/index.php\/wp-json\/wp\/v2\/posts\/25705\/revisions\/25707"}],"wp:featuredmedia":[{"embeddable":true,"href":"https:\/\/nazarenonews.com.br\/index.php\/wp-json\/wp\/v2\/media\/25706"}],"wp:attachment":[{"href":"https:\/\/nazarenonews.com.br\/index.php\/wp-json\/wp\/v2\/media?parent=25705"}],"wp:term":[{"taxonomy":"category","embeddable":true,"href":"https:\/\/nazarenonews.com.br\/index.php\/wp-json\/wp\/v2\/categories?post=25705"},{"taxonomy":"post_tag","embeddable":true,"href":"https:\/\/nazarenonews.com.br\/index.php\/wp-json\/wp\/v2\/tags?post=25705"}],"curies":[{"name":"wp","href":"https:\/\/api.w.org\/{rel}","templated":true}]}}